{"id":833,"date":"2022-02-23T14:03:00","date_gmt":"2022-02-23T13:03:00","guid":{"rendered":"https:\/\/www.msshkg.com.ba\/?p=833"},"modified":"2022-02-28T15:05:29","modified_gmt":"2022-02-28T14:05:29","slug":"uruceno-priznanje-nasoj-skoli-za-osvojeno-2-mjesto-u-konkurenciji-25-srednjih-tehnickih-i-srodnih-skola-u-tuzlanskom-kantonu","status":"publish","type":"post","link":"https:\/\/www.msshkg.com.ba\/index.php\/2022\/02\/23\/uruceno-priznanje-nasoj-skoli-za-osvojeno-2-mjesto-u-konkurenciji-25-srednjih-tehnickih-i-srodnih-skola-u-tuzlanskom-kantonu\/","title":{"rendered":"URU\u010cENO PRIZNANJE NA\u0160OJ \u0160KOLI ZA OSVOJENO 2. MJESTO U KONKURENCIJI 25 SREDNJIH TEHNI\u010cKIH I SRODNIH \u0160KOLA U TUZLANSKOM KANTONU"},"content":{"rendered":"\n<p>Pedago\u0161ki zavod Tuzlanskog kantona danas je uru\u010dio priznanje na\u0161oj \u0161koli za osvojeno 2. mjesto u kategoriji tehni\u010dkih i srodnih \u0161kola u Tuzlanskom kantonu u \u0161kolskoj 2020\/2021. godini .Na\u0161a \u0161kola je prema rezultatima vrednovanja od strane Pedago\u0161kog zavoda TK osvojila sjajno 2. mjesto sa osvojenih 2544,2 u konkurenciji 25 mje\u0161ovitih i drugih srodnih srednjih \u0161kola. Svim u\u010denicima, zaposlenicima \u0161kole i roditeljima upu\u0107ujemo najiskrenije \u010destitke!<\/p>\n\n\n\n<figure class=\"wp-block-image size-full\"><img loading=\"lazy\" decoding=\"async\" width=\"657\" height=\"960\" src=\"https:\/\/www.msshkg.com.ba\/wp-content\/uploads\/2022\/02\/Priznanje2Mjesto.jpg\" alt=\"\" class=\"wp-image-839\" srcset=\"https:\/\/www.msshkg.com.ba\/wp-content\/uploads\/2022\/02\/Priznanje2Mjesto.jpg 657w, https:\/\/www.msshkg.com.ba\/wp-content\/uploads\/2022\/02\/Priznanje2Mjesto-205x300.jpg 205w\" sizes=\"auto, (max-width: 657px) 100vw, 657px\" \/><\/figure>\n<div style=\"margin-top: 0px; margin-bottom: 0px;\" class=\"sharethis-inline-share-buttons\" ><\/div>","protected":false},"excerpt":{"rendered":"<p>Pedago\u0161ki zavod Tuzlanskog kantona danas je uru\u010dio priznanje na\u0161oj \u0161koli za osvojeno 2. mjesto u kategoriji tehni\u010dkih i srodnih \u0161kola u Tuzlanskom kantonu u \u0161kolskoj 2020\/2021. godini .Na\u0161a \u0161kola je prema rezultatima vrednovanja od strane Pedago\u0161kog zavoda TK osvojila sjajno 2. mjesto sa osvojenih 2544,2 u konkurenciji 25 mje\u0161ovitih i drugih srodnih srednjih \u0161kola. Svim [&hellip;]<\/p>\n","protected":false},"author":1,"featured_media":250,"comment_status":"open","ping_status":"open","sticky":false,"template":"","format":"standard","meta":{"_bbp_topic_count":0,"_bbp_reply_count":0,"_bbp_total_topic_count":0,"_bbp_total_reply_count":0,"_bbp_voice_count":0,"_bbp_anonymous_reply_count":0,"_bbp_topic_count_hidden":0,"_bbp_reply_count_hidden":0,"_bbp_forum_subforum_count":0,"footnotes":""},"categories":[3],"tags":[],"class_list":["post-833","post","type-post","status-publish","format-standard","has-post-thumbnail","hentry","category-naslovnica"],"yoast_head":"<!-- This site is optimized with the Yoast SEO plugin v26.0 - https:\/\/yoast.com\/wordpress\/plugins\/seo\/ -->\n<title>URU\u010cENO PRIZNANJE NA\u0160OJ \u0160KOLI ZA OSVOJENO 2. MJESTO U KONKURENCIJI 25 SREDNJIH TEHNI\u010cKIH I SRODNIH \u0160KOLA U TUZLANSKOM KANTONU - Mje\u0161ovita srednja \u0161kola &quot;Hasan Kiki\u0107&quot; Grada\u010dac<\/title>\n<meta name=\"robots\" content=\"index, follow, max-snippet:-1, max-image-preview:large, max-video-preview:-1\" \/>\n<link rel=\"canonical\" href=\"https:\/\/www.msshkg.com.ba\/index.php\/2022\/02\/23\/uruceno-priznanje-nasoj-skoli-za-osvojeno-2-mjesto-u-konkurenciji-25-srednjih-tehnickih-i-srodnih-skola-u-tuzlanskom-kantonu\/\" \/>\n<meta property=\"og:locale\" content=\"bs_BA\" \/>\n<meta property=\"og:type\" content=\"article\" \/>\n<meta property=\"og:title\" content=\"URU\u010cENO PRIZNANJE NA\u0160OJ \u0160KOLI ZA OSVOJENO 2. MJESTO U KONKURENCIJI 25 SREDNJIH TEHNI\u010cKIH I SRODNIH \u0160KOLA U TUZLANSKOM KANTONU - Mje\u0161ovita srednja \u0161kola &quot;Hasan Kiki\u0107&quot; Grada\u010dac\" \/>\n<meta property=\"og:description\" content=\"Pedago\u0161ki zavod Tuzlanskog kantona danas je uru\u010dio priznanje na\u0161oj \u0161koli za osvojeno 2. mjesto u kategoriji tehni\u010dkih i srodnih \u0161kola u Tuzlanskom kantonu u \u0161kolskoj 2020\/2021. godini .Na\u0161a \u0161kola je prema rezultatima vrednovanja od strane Pedago\u0161kog zavoda TK osvojila sjajno 2. mjesto sa osvojenih 2544,2 u konkurenciji 25 mje\u0161ovitih i drugih srodnih srednjih \u0161kola. Svim [&hellip;]\" \/>\n<meta property=\"og:url\" content=\"https:\/\/www.msshkg.com.ba\/index.php\/2022\/02\/23\/uruceno-priznanje-nasoj-skoli-za-osvojeno-2-mjesto-u-konkurenciji-25-srednjih-tehnickih-i-srodnih-skola-u-tuzlanskom-kantonu\/\" \/>\n<meta property=\"og:site_name\" content=\"Mje\u0161ovita srednja \u0161kola &quot;Hasan Kiki\u0107&quot; Grada\u010dac\" \/>\n<meta property=\"article:published_time\" content=\"2022-02-23T13:03:00+00:00\" \/>\n<meta property=\"article:modified_time\" content=\"2022-02-28T14:05:29+00:00\" \/>\n<meta property=\"og:image\" content=\"https:\/\/www.msshkg.com.ba\/wp-content\/uploads\/2021\/12\/cropped-Logo.jpg\" \/>\n\t<meta property=\"og:image:width\" content=\"145\" \/>\n\t<meta property=\"og:image:height\" content=\"145\" \/>\n\t<meta property=\"og:image:type\" content=\"image\/jpeg\" \/>\n<meta name=\"author\" content=\"Samir Mujdzic\" \/>\n<meta name=\"twitter:card\" content=\"summary_large_image\" \/>\n<meta name=\"twitter:label1\" content=\"Written by\" \/>\n\t<meta name=\"twitter:data1\" content=\"Samir Mujdzic\" \/>\n\t<meta name=\"twitter:label2\" content=\"Est. reading time\" \/>\n\t<meta name=\"twitter:data2\" content=\"1 minuta\" \/>\n<script type=\"application\/ld+json\" class=\"yoast-schema-graph\">{\"@context\":\"https:\/\/schema.org\",\"@graph\":[{\"@type\":\"Article\",\"@id\":\"https:\/\/www.msshkg.com.ba\/index.php\/2022\/02\/23\/uruceno-priznanje-nasoj-skoli-za-osvojeno-2-mjesto-u-konkurenciji-25-srednjih-tehnickih-i-srodnih-skola-u-tuzlanskom-kantonu\/#article\",\"isPartOf\":{\"@id\":\"https:\/\/www.msshkg.com.ba\/index.php\/2022\/02\/23\/uruceno-priznanje-nasoj-skoli-za-osvojeno-2-mjesto-u-konkurenciji-25-srednjih-tehnickih-i-srodnih-skola-u-tuzlanskom-kantonu\/\"},\"author\":{\"name\":\"Samir Mujdzic\",\"@id\":\"https:\/\/www.msshkg.com.ba\/#\/schema\/person\/3122c1c496e5835573e6c75c805130f5\"},\"headline\":\"URU\u010cENO PRIZNANJE NA\u0160OJ \u0160KOLI ZA OSVOJENO 2. MJESTO U KONKURENCIJI 25 SREDNJIH TEHNI\u010cKIH I SRODNIH \u0160KOLA U TUZLANSKOM KANTONU\",\"datePublished\":\"2022-02-23T13:03:00+00:00\",\"dateModified\":\"2022-02-28T14:05:29+00:00\",\"mainEntityOfPage\":{\"@id\":\"https:\/\/www.msshkg.com.ba\/index.php\/2022\/02\/23\/uruceno-priznanje-nasoj-skoli-za-osvojeno-2-mjesto-u-konkurenciji-25-srednjih-tehnickih-i-srodnih-skola-u-tuzlanskom-kantonu\/\"},\"wordCount\":87,\"commentCount\":0,\"publisher\":{\"@id\":\"https:\/\/www.msshkg.com.ba\/#organization\"},\"image\":{\"@id\":\"https:\/\/www.msshkg.com.ba\/index.php\/2022\/02\/23\/uruceno-priznanje-nasoj-skoli-za-osvojeno-2-mjesto-u-konkurenciji-25-srednjih-tehnickih-i-srodnih-skola-u-tuzlanskom-kantonu\/#primaryimage\"},\"thumbnailUrl\":\"https:\/\/www.msshkg.com.ba\/wp-content\/uploads\/2021\/12\/cropped-Logo.jpg\",\"articleSection\":[\"Naslovnica\"],\"inLanguage\":\"bs-BA\",\"potentialAction\":[{\"@type\":\"CommentAction\",\"name\":\"Comment\",\"target\":[\"https:\/\/www.msshkg.com.ba\/index.php\/2022\/02\/23\/uruceno-priznanje-nasoj-skoli-za-osvojeno-2-mjesto-u-konkurenciji-25-srednjih-tehnickih-i-srodnih-skola-u-tuzlanskom-kantonu\/#respond\"]}]},{\"@type\":\"WebPage\",\"@id\":\"https:\/\/www.msshkg.com.ba\/index.php\/2022\/02\/23\/uruceno-priznanje-nasoj-skoli-za-osvojeno-2-mjesto-u-konkurenciji-25-srednjih-tehnickih-i-srodnih-skola-u-tuzlanskom-kantonu\/\",\"url\":\"https:\/\/www.msshkg.com.ba\/index.php\/2022\/02\/23\/uruceno-priznanje-nasoj-skoli-za-osvojeno-2-mjesto-u-konkurenciji-25-srednjih-tehnickih-i-srodnih-skola-u-tuzlanskom-kantonu\/\",\"name\":\"URU\u010cENO PRIZNANJE NA\u0160OJ \u0160KOLI ZA OSVOJENO 2. MJESTO U KONKURENCIJI 25 SREDNJIH TEHNI\u010cKIH I SRODNIH \u0160KOLA U TUZLANSKOM KANTONU - Mje\u0161ovita srednja \u0161kola &quot;Hasan Kiki\u0107&quot; Grada\u010dac\",\"isPartOf\":{\"@id\":\"https:\/\/www.msshkg.com.ba\/#website\"},\"primaryImageOfPage\":{\"@id\":\"https:\/\/www.msshkg.com.ba\/index.php\/2022\/02\/23\/uruceno-priznanje-nasoj-skoli-za-osvojeno-2-mjesto-u-konkurenciji-25-srednjih-tehnickih-i-srodnih-skola-u-tuzlanskom-kantonu\/#primaryimage\"},\"image\":{\"@id\":\"https:\/\/www.msshkg.com.ba\/index.php\/2022\/02\/23\/uruceno-priznanje-nasoj-skoli-za-osvojeno-2-mjesto-u-konkurenciji-25-srednjih-tehnickih-i-srodnih-skola-u-tuzlanskom-kantonu\/#primaryimage\"},\"thumbnailUrl\":\"https:\/\/www.msshkg.com.ba\/wp-content\/uploads\/2021\/12\/cropped-Logo.jpg\",\"datePublished\":\"2022-02-23T13:03:00+00:00\",\"dateModified\":\"2022-02-28T14:05:29+00:00\",\"breadcrumb\":{\"@id\":\"https:\/\/www.msshkg.com.ba\/index.php\/2022\/02\/23\/uruceno-priznanje-nasoj-skoli-za-osvojeno-2-mjesto-u-konkurenciji-25-srednjih-tehnickih-i-srodnih-skola-u-tuzlanskom-kantonu\/#breadcrumb\"},\"inLanguage\":\"bs-BA\",\"potentialAction\":[{\"@type\":\"ReadAction\",\"target\":[\"https:\/\/www.msshkg.com.ba\/index.php\/2022\/02\/23\/uruceno-priznanje-nasoj-skoli-za-osvojeno-2-mjesto-u-konkurenciji-25-srednjih-tehnickih-i-srodnih-skola-u-tuzlanskom-kantonu\/\"]}]},{\"@type\":\"ImageObject\",\"inLanguage\":\"bs-BA\",\"@id\":\"https:\/\/www.msshkg.com.ba\/index.php\/2022\/02\/23\/uruceno-priznanje-nasoj-skoli-za-osvojeno-2-mjesto-u-konkurenciji-25-srednjih-tehnickih-i-srodnih-skola-u-tuzlanskom-kantonu\/#primaryimage\",\"url\":\"https:\/\/www.msshkg.com.ba\/wp-content\/uploads\/2021\/12\/cropped-Logo.jpg\",\"contentUrl\":\"https:\/\/www.msshkg.com.ba\/wp-content\/uploads\/2021\/12\/cropped-Logo.jpg\",\"width\":145,\"height\":145},{\"@type\":\"BreadcrumbList\",\"@id\":\"https:\/\/www.msshkg.com.ba\/index.php\/2022\/02\/23\/uruceno-priznanje-nasoj-skoli-za-osvojeno-2-mjesto-u-konkurenciji-25-srednjih-tehnickih-i-srodnih-skola-u-tuzlanskom-kantonu\/#breadcrumb\",\"itemListElement\":[{\"@type\":\"ListItem\",\"position\":1,\"name\":\"Home\",\"item\":\"https:\/\/www.msshkg.com.ba\/\"},{\"@type\":\"ListItem\",\"position\":2,\"name\":\"URU\u010cENO PRIZNANJE NA\u0160OJ \u0160KOLI ZA OSVOJENO 2. MJESTO U KONKURENCIJI 25 SREDNJIH TEHNI\u010cKIH I SRODNIH \u0160KOLA U TUZLANSKOM KANTONU\"}]},{\"@type\":\"WebSite\",\"@id\":\"https:\/\/www.msshkg.com.ba\/#website\",\"url\":\"https:\/\/www.msshkg.com.ba\/\",\"name\":\"Mje\u0161ovita srednja \u0161kola &quot;Hasan Kiki\u0107&quot; Grada\u010dac\",\"description\":\"\",\"publisher\":{\"@id\":\"https:\/\/www.msshkg.com.ba\/#organization\"},\"potentialAction\":[{\"@type\":\"SearchAction\",\"target\":{\"@type\":\"EntryPoint\",\"urlTemplate\":\"https:\/\/www.msshkg.com.ba\/?s={search_term_string}\"},\"query-input\":{\"@type\":\"PropertyValueSpecification\",\"valueRequired\":true,\"valueName\":\"search_term_string\"}}],\"inLanguage\":\"bs-BA\"},{\"@type\":\"Organization\",\"@id\":\"https:\/\/www.msshkg.com.ba\/#organization\",\"name\":\"Mje\u0161ovita srednja \u0161kola &quot;Hasan Kiki\u0107&quot; Grada\u010dac\",\"url\":\"https:\/\/www.msshkg.com.ba\/\",\"logo\":{\"@type\":\"ImageObject\",\"inLanguage\":\"bs-BA\",\"@id\":\"https:\/\/www.msshkg.com.ba\/#\/schema\/logo\/image\/\",\"url\":\"https:\/\/www.msshkg.com.ba\/wp-content\/uploads\/2022\/01\/LogoWeb2.jpg\",\"contentUrl\":\"https:\/\/www.msshkg.com.ba\/wp-content\/uploads\/2022\/01\/LogoWeb2.jpg\",\"width\":150,\"height\":150,\"caption\":\"Mje\u0161ovita srednja \u0161kola &quot;Hasan Kiki\u0107&quot; Grada\u010dac\"},\"image\":{\"@id\":\"https:\/\/www.msshkg.com.ba\/#\/schema\/logo\/image\/\"}},{\"@type\":\"Person\",\"@id\":\"https:\/\/www.msshkg.com.ba\/#\/schema\/person\/3122c1c496e5835573e6c75c805130f5\",\"name\":\"Samir Mujdzic\",\"image\":{\"@type\":\"ImageObject\",\"inLanguage\":\"bs-BA\",\"@id\":\"https:\/\/www.msshkg.com.ba\/#\/schema\/person\/image\/\",\"url\":\"https:\/\/secure.gravatar.com\/avatar\/ba7bd829c959fc2571729de7fcc679ab2b1e4403a1e9afc53e0914dee72df5d4?s=96&d=mm&r=g\",\"contentUrl\":\"https:\/\/secure.gravatar.com\/avatar\/ba7bd829c959fc2571729de7fcc679ab2b1e4403a1e9afc53e0914dee72df5d4?s=96&d=mm&r=g\",\"caption\":\"Samir Mujdzic\"},\"sameAs\":[\"https:\/\/www.msshkg.com.ba\"],\"url\":\"https:\/\/www.msshkg.com.ba\/index.php\/author\/samir\/\"}]}<\/script>\n<!-- \/ Yoast SEO plugin. -->","yoast_head_json":{"title":"URU\u010cENO PRIZNANJE NA\u0160OJ \u0160KOLI ZA OSVOJENO 2. MJESTO U KONKURENCIJI 25 SREDNJIH TEHNI\u010cKIH I SRODNIH \u0160KOLA U TUZLANSKOM KANTONU - Mje\u0161ovita srednja \u0161kola &quot;Hasan Kiki\u0107&quot; Grada\u010dac","robots":{"index":"index","follow":"follow","max-snippet":"max-snippet:-1","max-image-preview":"max-image-preview:large","max-video-preview":"max-video-preview:-1"},"canonical":"https:\/\/www.msshkg.com.ba\/index.php\/2022\/02\/23\/uruceno-priznanje-nasoj-skoli-za-osvojeno-2-mjesto-u-konkurenciji-25-srednjih-tehnickih-i-srodnih-skola-u-tuzlanskom-kantonu\/","og_locale":"bs_BA","og_type":"article","og_title":"URU\u010cENO PRIZNANJE NA\u0160OJ \u0160KOLI ZA OSVOJENO 2. MJESTO U KONKURENCIJI 25 SREDNJIH TEHNI\u010cKIH I SRODNIH \u0160KOLA U TUZLANSKOM KANTONU - Mje\u0161ovita srednja \u0161kola &quot;Hasan Kiki\u0107&quot; Grada\u010dac","og_description":"Pedago\u0161ki zavod Tuzlanskog kantona danas je uru\u010dio priznanje na\u0161oj \u0161koli za osvojeno 2. mjesto u kategoriji tehni\u010dkih i srodnih \u0161kola u Tuzlanskom kantonu u \u0161kolskoj 2020\/2021. godini .Na\u0161a \u0161kola je prema rezultatima vrednovanja od strane Pedago\u0161kog zavoda TK osvojila sjajno 2. mjesto sa osvojenih 2544,2 u konkurenciji 25 mje\u0161ovitih i drugih srodnih srednjih \u0161kola. Svim [&hellip;]","og_url":"https:\/\/www.msshkg.com.ba\/index.php\/2022\/02\/23\/uruceno-priznanje-nasoj-skoli-za-osvojeno-2-mjesto-u-konkurenciji-25-srednjih-tehnickih-i-srodnih-skola-u-tuzlanskom-kantonu\/","og_site_name":"Mje\u0161ovita srednja \u0161kola &quot;Hasan Kiki\u0107&quot; Grada\u010dac","article_published_time":"2022-02-23T13:03:00+00:00","article_modified_time":"2022-02-28T14:05:29+00:00","og_image":[{"width":145,"height":145,"url":"https:\/\/www.msshkg.com.ba\/wp-content\/uploads\/2021\/12\/cropped-Logo.jpg","type":"image\/jpeg"}],"author":"Samir Mujdzic","twitter_card":"summary_large_image","twitter_misc":{"Written by":"Samir Mujdzic","Est. reading time":"1 minuta"},"schema":{"@context":"https:\/\/schema.org","@graph":[{"@type":"Article","@id":"https:\/\/www.msshkg.com.ba\/index.php\/2022\/02\/23\/uruceno-priznanje-nasoj-skoli-za-osvojeno-2-mjesto-u-konkurenciji-25-srednjih-tehnickih-i-srodnih-skola-u-tuzlanskom-kantonu\/#article","isPartOf":{"@id":"https:\/\/www.msshkg.com.ba\/index.php\/2022\/02\/23\/uruceno-priznanje-nasoj-skoli-za-osvojeno-2-mjesto-u-konkurenciji-25-srednjih-tehnickih-i-srodnih-skola-u-tuzlanskom-kantonu\/"},"author":{"name":"Samir Mujdzic","@id":"https:\/\/www.msshkg.com.ba\/#\/schema\/person\/3122c1c496e5835573e6c75c805130f5"},"headline":"URU\u010cENO PRIZNANJE NA\u0160OJ \u0160KOLI ZA OSVOJENO 2. MJESTO U KONKURENCIJI 25 SREDNJIH TEHNI\u010cKIH I SRODNIH \u0160KOLA U TUZLANSKOM KANTONU","datePublished":"2022-02-23T13:03:00+00:00","dateModified":"2022-02-28T14:05:29+00:00","mainEntityOfPage":{"@id":"https:\/\/www.msshkg.com.ba\/index.php\/2022\/02\/23\/uruceno-priznanje-nasoj-skoli-za-osvojeno-2-mjesto-u-konkurenciji-25-srednjih-tehnickih-i-srodnih-skola-u-tuzlanskom-kantonu\/"},"wordCount":87,"commentCount":0,"publisher":{"@id":"https:\/\/www.msshkg.com.ba\/#organization"},"image":{"@id":"https:\/\/www.msshkg.com.ba\/index.php\/2022\/02\/23\/uruceno-priznanje-nasoj-skoli-za-osvojeno-2-mjesto-u-konkurenciji-25-srednjih-tehnickih-i-srodnih-skola-u-tuzlanskom-kantonu\/#primaryimage"},"thumbnailUrl":"https:\/\/www.msshkg.com.ba\/wp-content\/uploads\/2021\/12\/cropped-Logo.jpg","articleSection":["Naslovnica"],"inLanguage":"bs-BA","potentialAction":[{"@type":"CommentAction","name":"Comment","target":["https:\/\/www.msshkg.com.ba\/index.php\/2022\/02\/23\/uruceno-priznanje-nasoj-skoli-za-osvojeno-2-mjesto-u-konkurenciji-25-srednjih-tehnickih-i-srodnih-skola-u-tuzlanskom-kantonu\/#respond"]}]},{"@type":"WebPage","@id":"https:\/\/www.msshkg.com.ba\/index.php\/2022\/02\/23\/uruceno-priznanje-nasoj-skoli-za-osvojeno-2-mjesto-u-konkurenciji-25-srednjih-tehnickih-i-srodnih-skola-u-tuzlanskom-kantonu\/","url":"https:\/\/www.msshkg.com.ba\/index.php\/2022\/02\/23\/uruceno-priznanje-nasoj-skoli-za-osvojeno-2-mjesto-u-konkurenciji-25-srednjih-tehnickih-i-srodnih-skola-u-tuzlanskom-kantonu\/","name":"URU\u010cENO PRIZNANJE NA\u0160OJ \u0160KOLI ZA OSVOJENO 2. MJESTO U KONKURENCIJI 25 SREDNJIH TEHNI\u010cKIH I SRODNIH \u0160KOLA U TUZLANSKOM KANTONU - Mje\u0161ovita srednja \u0161kola &quot;Hasan Kiki\u0107&quot; Grada\u010dac","isPartOf":{"@id":"https:\/\/www.msshkg.com.ba\/#website"},"primaryImageOfPage":{"@id":"https:\/\/www.msshkg.com.ba\/index.php\/2022\/02\/23\/uruceno-priznanje-nasoj-skoli-za-osvojeno-2-mjesto-u-konkurenciji-25-srednjih-tehnickih-i-srodnih-skola-u-tuzlanskom-kantonu\/#primaryimage"},"image":{"@id":"https:\/\/www.msshkg.com.ba\/index.php\/2022\/02\/23\/uruceno-priznanje-nasoj-skoli-za-osvojeno-2-mjesto-u-konkurenciji-25-srednjih-tehnickih-i-srodnih-skola-u-tuzlanskom-kantonu\/#primaryimage"},"thumbnailUrl":"https:\/\/www.msshkg.com.ba\/wp-content\/uploads\/2021\/12\/cropped-Logo.jpg","datePublished":"2022-02-23T13:03:00+00:00","dateModified":"2022-02-28T14:05:29+00:00","breadcrumb":{"@id":"https:\/\/www.msshkg.com.ba\/index.php\/2022\/02\/23\/uruceno-priznanje-nasoj-skoli-za-osvojeno-2-mjesto-u-konkurenciji-25-srednjih-tehnickih-i-srodnih-skola-u-tuzlanskom-kantonu\/#breadcrumb"},"inLanguage":"bs-BA","potentialAction":[{"@type":"ReadAction","target":["https:\/\/www.msshkg.com.ba\/index.php\/2022\/02\/23\/uruceno-priznanje-nasoj-skoli-za-osvojeno-2-mjesto-u-konkurenciji-25-srednjih-tehnickih-i-srodnih-skola-u-tuzlanskom-kantonu\/"]}]},{"@type":"ImageObject","inLanguage":"bs-BA","@id":"https:\/\/www.msshkg.com.ba\/index.php\/2022\/02\/23\/uruceno-priznanje-nasoj-skoli-za-osvojeno-2-mjesto-u-konkurenciji-25-srednjih-tehnickih-i-srodnih-skola-u-tuzlanskom-kantonu\/#primaryimage","url":"https:\/\/www.msshkg.com.ba\/wp-content\/uploads\/2021\/12\/cropped-Logo.jpg","contentUrl":"https:\/\/www.msshkg.com.ba\/wp-content\/uploads\/2021\/12\/cropped-Logo.jpg","width":145,"height":145},{"@type":"BreadcrumbList","@id":"https:\/\/www.msshkg.com.ba\/index.php\/2022\/02\/23\/uruceno-priznanje-nasoj-skoli-za-osvojeno-2-mjesto-u-konkurenciji-25-srednjih-tehnickih-i-srodnih-skola-u-tuzlanskom-kantonu\/#breadcrumb","itemListElement":[{"@type":"ListItem","position":1,"name":"Home","item":"https:\/\/www.msshkg.com.ba\/"},{"@type":"ListItem","position":2,"name":"URU\u010cENO PRIZNANJE NA\u0160OJ \u0160KOLI ZA OSVOJENO 2. MJESTO U KONKURENCIJI 25 SREDNJIH TEHNI\u010cKIH I SRODNIH \u0160KOLA U TUZLANSKOM KANTONU"}]},{"@type":"WebSite","@id":"https:\/\/www.msshkg.com.ba\/#website","url":"https:\/\/www.msshkg.com.ba\/","name":"Mje\u0161ovita srednja \u0161kola &quot;Hasan Kiki\u0107&quot; Grada\u010dac","description":"","publisher":{"@id":"https:\/\/www.msshkg.com.ba\/#organization"},"potentialAction":[{"@type":"SearchAction","target":{"@type":"EntryPoint","urlTemplate":"https:\/\/www.msshkg.com.ba\/?s={search_term_string}"},"query-input":{"@type":"PropertyValueSpecification","valueRequired":true,"valueName":"search_term_string"}}],"inLanguage":"bs-BA"},{"@type":"Organization","@id":"https:\/\/www.msshkg.com.ba\/#organization","name":"Mje\u0161ovita srednja \u0161kola &quot;Hasan Kiki\u0107&quot; Grada\u010dac","url":"https:\/\/www.msshkg.com.ba\/","logo":{"@type":"ImageObject","inLanguage":"bs-BA","@id":"https:\/\/www.msshkg.com.ba\/#\/schema\/logo\/image\/","url":"https:\/\/www.msshkg.com.ba\/wp-content\/uploads\/2022\/01\/LogoWeb2.jpg","contentUrl":"https:\/\/www.msshkg.com.ba\/wp-content\/uploads\/2022\/01\/LogoWeb2.jpg","width":150,"height":150,"caption":"Mje\u0161ovita srednja \u0161kola &quot;Hasan Kiki\u0107&quot; Grada\u010dac"},"image":{"@id":"https:\/\/www.msshkg.com.ba\/#\/schema\/logo\/image\/"}},{"@type":"Person","@id":"https:\/\/www.msshkg.com.ba\/#\/schema\/person\/3122c1c496e5835573e6c75c805130f5","name":"Samir Mujdzic","image":{"@type":"ImageObject","inLanguage":"bs-BA","@id":"https:\/\/www.msshkg.com.ba\/#\/schema\/person\/image\/","url":"https:\/\/secure.gravatar.com\/avatar\/ba7bd829c959fc2571729de7fcc679ab2b1e4403a1e9afc53e0914dee72df5d4?s=96&d=mm&r=g","contentUrl":"https:\/\/secure.gravatar.com\/avatar\/ba7bd829c959fc2571729de7fcc679ab2b1e4403a1e9afc53e0914dee72df5d4?s=96&d=mm&r=g","caption":"Samir Mujdzic"},"sameAs":["https:\/\/www.msshkg.com.ba"],"url":"https:\/\/www.msshkg.com.ba\/index.php\/author\/samir\/"}]}},"_links":{"self":[{"href":"https:\/\/www.msshkg.com.ba\/index.php\/wp-json\/wp\/v2\/posts\/833","targetHints":{"allow":["GET"]}}],"collection":[{"href":"https:\/\/www.msshkg.com.ba\/index.php\/wp-json\/wp\/v2\/posts"}],"about":[{"href":"https:\/\/www.msshkg.com.ba\/index.php\/wp-json\/wp\/v2\/types\/post"}],"author":[{"embeddable":true,"href":"https:\/\/www.msshkg.com.ba\/index.php\/wp-json\/wp\/v2\/users\/1"}],"replies":[{"embeddable":true,"href":"https:\/\/www.msshkg.com.ba\/index.php\/wp-json\/wp\/v2\/comments?post=833"}],"version-history":[{"count":2,"href":"https:\/\/www.msshkg.com.ba\/index.php\/wp-json\/wp\/v2\/posts\/833\/revisions"}],"predecessor-version":[{"id":841,"href":"https:\/\/www.msshkg.com.ba\/index.php\/wp-json\/wp\/v2\/posts\/833\/revisions\/841"}],"wp:featuredmedia":[{"embeddable":true,"href":"https:\/\/www.msshkg.com.ba\/index.php\/wp-json\/wp\/v2\/media\/250"}],"wp:attachment":[{"href":"https:\/\/www.msshkg.com.ba\/index.php\/wp-json\/wp\/v2\/media?parent=833"}],"wp:term":[{"taxonomy":"category","embeddable":true,"href":"https:\/\/www.msshkg.com.ba\/index.php\/wp-json\/wp\/v2\/categories?post=833"},{"taxonomy":"post_tag","embeddable":true,"href":"https:\/\/www.msshkg.com.ba\/index.php\/wp-json\/wp\/v2\/tags?post=833"}],"curies":[{"name":"wp","href":"https:\/\/api.w.org\/{rel}","templated":true}]}}