{"id":698,"date":"2023-02-21T10:00:00","date_gmt":"2023-02-21T09:00:00","guid":{"rendered":"http:\/\/www.msshkg.com.ba\/?p=698"},"modified":"2023-02-21T10:05:15","modified_gmt":"2023-02-21T09:05:15","slug":"klokan-matematicar-2022","status":"publish","type":"post","link":"https:\/\/www.msshkg.com.ba\/index.php\/2023\/02\/21\/klokan-matematicar-2022\/","title":{"rendered":"KLOKAN MATEMATI\u010cAR 2022"},"content":{"rendered":"\n<p>Postovani,&nbsp;<\/p>\n\n\n\n<p>Idemo u susret jo\u0161 jednom Klokan matemati\u010daru, prazniku matematike i nauke gdje svi imaju mogu\u0107nost da ne\u0161to nau\u010de i zabave se rje\u0161avaju\u0107i nove i bolje zadatke.<\/p>\n\n\n\n<p>Klokan matematicar (<a href=\"https:\/\/www.klokan-matematicar.ba\/\" target=\"_blank\" rel=\"noreferrer noopener\">https:\/\/www.klokan-matematicar.ba\/<\/a>) se ove godine odrzava 16. 03. 2023, dakle kao i ranijih godina treceg cetvrtka u mjesecu martu\/ozujku, kao i i sirom svijeta uz ucesce vise 6 miliona ucenika.<\/p>\n\n\n\n<p>Prijavite u\u010denike svoje \u0161kole i pru\u017eite im priliku za zabavu, kao i da pokazu svoja znanja i talente radeci zabavne i interesante zadatke. Ucenici osnovnih i srednjih skola su podjeljeni&nbsp;u 7 kategorija prema uzrastu.<\/p>\n\n\n\n<p><strong>Pravila izazova:<\/strong><\/p>\n\n\n<div class=\"_df_book df-lite\" id=\"df_713\"  _slug=\"klokan2022pravila\" data-title=\"klokan2023pravila\" wpoptions=\"true\" thumbtype=\"\" ><\/div><script class=\"df-shortcode-script\" nowprocket type=\"application\/javascript\">window.option_df_713 = {\"outline\":[],\"autoEnableOutline\":\"false\",\"autoEnableThumbnail\":\"false\",\"overwritePDFOutline\":\"false\",\"enableDownload\":\"false\",\"direction\":\"1\",\"pageSize\":\"0\",\"source\":\"http:\\\/\\\/www.msshkg.com.ba\\\/wp-content\\\/uploads\\\/2022\\\/01\\\/KlokanMatematicar2023Pravila.pdf\",\"wpOptions\":\"true\"}; if(window.DFLIP && window.DFLIP.parseBooks){window.DFLIP.parseBooks();}<\/script>\n\n\n\n<p>&nbsp;<\/p>\n<div style=\"margin-top: 0px; margin-bottom: 0px;\" class=\"sharethis-inline-share-buttons\" ><\/div>","protected":false},"excerpt":{"rendered":"<p>Postovani,&nbsp; Idemo u susret jo\u0161 jednom Klokan matemati\u010daru, prazniku matematike i nauke gdje svi imaju mogu\u0107nost da ne\u0161to nau\u010de i zabave se rje\u0161avaju\u0107i nove i bolje zadatke. Klokan matematicar (https:\/\/www.klokan-matematicar.ba\/) se ove godine odrzava 16. 03. 2023, dakle kao i ranijih godina treceg cetvrtka u mjesecu martu\/ozujku, kao i i sirom svijeta uz ucesce vise [&hellip;]<\/p>\n","protected":false},"author":1,"featured_media":1294,"comment_status":"open","ping_status":"open","sticky":false,"template":"","format":"standard","meta":{"_bbp_topic_count":0,"_bbp_reply_count":0,"_bbp_total_topic_count":0,"_bbp_total_reply_count":0,"_bbp_voice_count":0,"_bbp_anonymous_reply_count":0,"_bbp_topic_count_hidden":0,"_bbp_reply_count_hidden":0,"_bbp_forum_subforum_count":0,"footnotes":""},"categories":[3],"tags":[],"class_list":["post-698","post","type-post","status-publish","format-standard","has-post-thumbnail","hentry","category-naslovnica"],"yoast_head":"<!-- This site is optimized with the Yoast SEO plugin v26.0 - https:\/\/yoast.com\/wordpress\/plugins\/seo\/ -->\n<title>KLOKAN MATEMATI\u010cAR 2022 - Mje\u0161ovita srednja \u0161kola &quot;Hasan Kiki\u0107&quot; Grada\u010dac<\/title>\n<meta name=\"robots\" content=\"index, follow, max-snippet:-1, max-image-preview:large, max-video-preview:-1\" \/>\n<link rel=\"canonical\" href=\"https:\/\/www.msshkg.com.ba\/index.php\/2023\/02\/21\/klokan-matematicar-2022\/\" \/>\n<meta property=\"og:locale\" content=\"bs_BA\" \/>\n<meta property=\"og:type\" content=\"article\" \/>\n<meta property=\"og:title\" content=\"KLOKAN MATEMATI\u010cAR 2022 - Mje\u0161ovita srednja \u0161kola &quot;Hasan Kiki\u0107&quot; Grada\u010dac\" \/>\n<meta property=\"og:description\" content=\"Postovani,&nbsp; Idemo u susret jo\u0161 jednom Klokan matemati\u010daru, prazniku matematike i nauke gdje svi imaju mogu\u0107nost da ne\u0161to nau\u010de i zabave se rje\u0161avaju\u0107i nove i bolje zadatke. Klokan matematicar (https:\/\/www.klokan-matematicar.ba\/) se ove godine odrzava 16. 03. 2023, dakle kao i ranijih godina treceg cetvrtka u mjesecu martu\/ozujku, kao i i sirom svijeta uz ucesce vise [&hellip;]\" \/>\n<meta property=\"og:url\" content=\"https:\/\/www.msshkg.com.ba\/index.php\/2023\/02\/21\/klokan-matematicar-2022\/\" \/>\n<meta property=\"og:site_name\" content=\"Mje\u0161ovita srednja \u0161kola &quot;Hasan Kiki\u0107&quot; Grada\u010dac\" \/>\n<meta property=\"article:published_time\" content=\"2023-02-21T09:00:00+00:00\" \/>\n<meta property=\"article:modified_time\" content=\"2023-02-21T09:05:15+00:00\" \/>\n<meta property=\"og:image\" content=\"https:\/\/www.msshkg.com.ba\/wp-content\/uploads\/2023\/02\/klokan_matematicar_poster_2023-scaled-e1676970301989.jpg\" \/>\n\t<meta property=\"og:image:width\" content=\"250\" \/>\n\t<meta property=\"og:image:height\" content=\"354\" \/>\n\t<meta property=\"og:image:type\" content=\"image\/jpeg\" \/>\n<meta name=\"author\" content=\"Samir Mujdzic\" \/>\n<meta name=\"twitter:card\" content=\"summary_large_image\" \/>\n<meta name=\"twitter:label1\" content=\"Written by\" \/>\n\t<meta name=\"twitter:data1\" content=\"Samir Mujdzic\" \/>\n\t<meta name=\"twitter:label2\" content=\"Est. reading time\" \/>\n\t<meta name=\"twitter:data2\" content=\"1 minuta\" \/>\n<script type=\"application\/ld+json\" class=\"yoast-schema-graph\">{\"@context\":\"https:\/\/schema.org\",\"@graph\":[{\"@type\":\"Article\",\"@id\":\"https:\/\/www.msshkg.com.ba\/index.php\/2023\/02\/21\/klokan-matematicar-2022\/#article\",\"isPartOf\":{\"@id\":\"https:\/\/www.msshkg.com.ba\/index.php\/2023\/02\/21\/klokan-matematicar-2022\/\"},\"author\":{\"name\":\"Samir Mujdzic\",\"@id\":\"https:\/\/www.msshkg.com.ba\/#\/schema\/person\/3122c1c496e5835573e6c75c805130f5\"},\"headline\":\"KLOKAN MATEMATI\u010cAR 2022\",\"datePublished\":\"2023-02-21T09:00:00+00:00\",\"dateModified\":\"2023-02-21T09:05:15+00:00\",\"mainEntityOfPage\":{\"@id\":\"https:\/\/www.msshkg.com.ba\/index.php\/2023\/02\/21\/klokan-matematicar-2022\/\"},\"wordCount\":111,\"commentCount\":0,\"publisher\":{\"@id\":\"https:\/\/www.msshkg.com.ba\/#organization\"},\"image\":{\"@id\":\"https:\/\/www.msshkg.com.ba\/index.php\/2023\/02\/21\/klokan-matematicar-2022\/#primaryimage\"},\"thumbnailUrl\":\"https:\/\/www.msshkg.com.ba\/wp-content\/uploads\/2023\/02\/klokan_matematicar_poster_2023-scaled-e1676970301989.jpg\",\"articleSection\":[\"Naslovnica\"],\"inLanguage\":\"bs-BA\",\"potentialAction\":[{\"@type\":\"CommentAction\",\"name\":\"Comment\",\"target\":[\"https:\/\/www.msshkg.com.ba\/index.php\/2023\/02\/21\/klokan-matematicar-2022\/#respond\"]}]},{\"@type\":\"WebPage\",\"@id\":\"https:\/\/www.msshkg.com.ba\/index.php\/2023\/02\/21\/klokan-matematicar-2022\/\",\"url\":\"https:\/\/www.msshkg.com.ba\/index.php\/2023\/02\/21\/klokan-matematicar-2022\/\",\"name\":\"KLOKAN MATEMATI\u010cAR 2022 - Mje\u0161ovita srednja \u0161kola &quot;Hasan Kiki\u0107&quot; Grada\u010dac\",\"isPartOf\":{\"@id\":\"https:\/\/www.msshkg.com.ba\/#website\"},\"primaryImageOfPage\":{\"@id\":\"https:\/\/www.msshkg.com.ba\/index.php\/2023\/02\/21\/klokan-matematicar-2022\/#primaryimage\"},\"image\":{\"@id\":\"https:\/\/www.msshkg.com.ba\/index.php\/2023\/02\/21\/klokan-matematicar-2022\/#primaryimage\"},\"thumbnailUrl\":\"https:\/\/www.msshkg.com.ba\/wp-content\/uploads\/2023\/02\/klokan_matematicar_poster_2023-scaled-e1676970301989.jpg\",\"datePublished\":\"2023-02-21T09:00:00+00:00\",\"dateModified\":\"2023-02-21T09:05:15+00:00\",\"breadcrumb\":{\"@id\":\"https:\/\/www.msshkg.com.ba\/index.php\/2023\/02\/21\/klokan-matematicar-2022\/#breadcrumb\"},\"inLanguage\":\"bs-BA\",\"potentialAction\":[{\"@type\":\"ReadAction\",\"target\":[\"https:\/\/www.msshkg.com.ba\/index.php\/2023\/02\/21\/klokan-matematicar-2022\/\"]}]},{\"@type\":\"ImageObject\",\"inLanguage\":\"bs-BA\",\"@id\":\"https:\/\/www.msshkg.com.ba\/index.php\/2023\/02\/21\/klokan-matematicar-2022\/#primaryimage\",\"url\":\"https:\/\/www.msshkg.com.ba\/wp-content\/uploads\/2023\/02\/klokan_matematicar_poster_2023-scaled-e1676970301989.jpg\",\"contentUrl\":\"https:\/\/www.msshkg.com.ba\/wp-content\/uploads\/2023\/02\/klokan_matematicar_poster_2023-scaled-e1676970301989.jpg\",\"width\":250,\"height\":354},{\"@type\":\"BreadcrumbList\",\"@id\":\"https:\/\/www.msshkg.com.ba\/index.php\/2023\/02\/21\/klokan-matematicar-2022\/#breadcrumb\",\"itemListElement\":[{\"@type\":\"ListItem\",\"position\":1,\"name\":\"Home\",\"item\":\"https:\/\/www.msshkg.com.ba\/\"},{\"@type\":\"ListItem\",\"position\":2,\"name\":\"KLOKAN MATEMATI\u010cAR 2022\"}]},{\"@type\":\"WebSite\",\"@id\":\"https:\/\/www.msshkg.com.ba\/#website\",\"url\":\"https:\/\/www.msshkg.com.ba\/\",\"name\":\"Mje\u0161ovita srednja \u0161kola &quot;Hasan Kiki\u0107&quot; Grada\u010dac\",\"description\":\"\",\"publisher\":{\"@id\":\"https:\/\/www.msshkg.com.ba\/#organization\"},\"potentialAction\":[{\"@type\":\"SearchAction\",\"target\":{\"@type\":\"EntryPoint\",\"urlTemplate\":\"https:\/\/www.msshkg.com.ba\/?s={search_term_string}\"},\"query-input\":{\"@type\":\"PropertyValueSpecification\",\"valueRequired\":true,\"valueName\":\"search_term_string\"}}],\"inLanguage\":\"bs-BA\"},{\"@type\":\"Organization\",\"@id\":\"https:\/\/www.msshkg.com.ba\/#organization\",\"name\":\"Mje\u0161ovita srednja \u0161kola &quot;Hasan Kiki\u0107&quot; Grada\u010dac\",\"url\":\"https:\/\/www.msshkg.com.ba\/\",\"logo\":{\"@type\":\"ImageObject\",\"inLanguage\":\"bs-BA\",\"@id\":\"https:\/\/www.msshkg.com.ba\/#\/schema\/logo\/image\/\",\"url\":\"https:\/\/www.msshkg.com.ba\/wp-content\/uploads\/2022\/01\/LogoWeb2.jpg\",\"contentUrl\":\"https:\/\/www.msshkg.com.ba\/wp-content\/uploads\/2022\/01\/LogoWeb2.jpg\",\"width\":150,\"height\":150,\"caption\":\"Mje\u0161ovita srednja \u0161kola &quot;Hasan Kiki\u0107&quot; Grada\u010dac\"},\"image\":{\"@id\":\"https:\/\/www.msshkg.com.ba\/#\/schema\/logo\/image\/\"}},{\"@type\":\"Person\",\"@id\":\"https:\/\/www.msshkg.com.ba\/#\/schema\/person\/3122c1c496e5835573e6c75c805130f5\",\"name\":\"Samir Mujdzic\",\"image\":{\"@type\":\"ImageObject\",\"inLanguage\":\"bs-BA\",\"@id\":\"https:\/\/www.msshkg.com.ba\/#\/schema\/person\/image\/\",\"url\":\"https:\/\/secure.gravatar.com\/avatar\/ba7bd829c959fc2571729de7fcc679ab2b1e4403a1e9afc53e0914dee72df5d4?s=96&d=mm&r=g\",\"contentUrl\":\"https:\/\/secure.gravatar.com\/avatar\/ba7bd829c959fc2571729de7fcc679ab2b1e4403a1e9afc53e0914dee72df5d4?s=96&d=mm&r=g\",\"caption\":\"Samir Mujdzic\"},\"sameAs\":[\"https:\/\/www.msshkg.com.ba\"],\"url\":\"https:\/\/www.msshkg.com.ba\/index.php\/author\/samir\/\"}]}<\/script>\n<!-- \/ Yoast SEO plugin. -->","yoast_head_json":{"title":"KLOKAN MATEMATI\u010cAR 2022 - Mje\u0161ovita srednja \u0161kola &quot;Hasan Kiki\u0107&quot; Grada\u010dac","robots":{"index":"index","follow":"follow","max-snippet":"max-snippet:-1","max-image-preview":"max-image-preview:large","max-video-preview":"max-video-preview:-1"},"canonical":"https:\/\/www.msshkg.com.ba\/index.php\/2023\/02\/21\/klokan-matematicar-2022\/","og_locale":"bs_BA","og_type":"article","og_title":"KLOKAN MATEMATI\u010cAR 2022 - Mje\u0161ovita srednja \u0161kola &quot;Hasan Kiki\u0107&quot; Grada\u010dac","og_description":"Postovani,&nbsp; Idemo u susret jo\u0161 jednom Klokan matemati\u010daru, prazniku matematike i nauke gdje svi imaju mogu\u0107nost da ne\u0161to nau\u010de i zabave se rje\u0161avaju\u0107i nove i bolje zadatke. Klokan matematicar (https:\/\/www.klokan-matematicar.ba\/) se ove godine odrzava 16. 03. 2023, dakle kao i ranijih godina treceg cetvrtka u mjesecu martu\/ozujku, kao i i sirom svijeta uz ucesce vise [&hellip;]","og_url":"https:\/\/www.msshkg.com.ba\/index.php\/2023\/02\/21\/klokan-matematicar-2022\/","og_site_name":"Mje\u0161ovita srednja \u0161kola &quot;Hasan Kiki\u0107&quot; Grada\u010dac","article_published_time":"2023-02-21T09:00:00+00:00","article_modified_time":"2023-02-21T09:05:15+00:00","og_image":[{"width":250,"height":354,"url":"https:\/\/www.msshkg.com.ba\/wp-content\/uploads\/2023\/02\/klokan_matematicar_poster_2023-scaled-e1676970301989.jpg","type":"image\/jpeg"}],"author":"Samir Mujdzic","twitter_card":"summary_large_image","twitter_misc":{"Written by":"Samir Mujdzic","Est. reading time":"1 minuta"},"schema":{"@context":"https:\/\/schema.org","@graph":[{"@type":"Article","@id":"https:\/\/www.msshkg.com.ba\/index.php\/2023\/02\/21\/klokan-matematicar-2022\/#article","isPartOf":{"@id":"https:\/\/www.msshkg.com.ba\/index.php\/2023\/02\/21\/klokan-matematicar-2022\/"},"author":{"name":"Samir Mujdzic","@id":"https:\/\/www.msshkg.com.ba\/#\/schema\/person\/3122c1c496e5835573e6c75c805130f5"},"headline":"KLOKAN MATEMATI\u010cAR 2022","datePublished":"2023-02-21T09:00:00+00:00","dateModified":"2023-02-21T09:05:15+00:00","mainEntityOfPage":{"@id":"https:\/\/www.msshkg.com.ba\/index.php\/2023\/02\/21\/klokan-matematicar-2022\/"},"wordCount":111,"commentCount":0,"publisher":{"@id":"https:\/\/www.msshkg.com.ba\/#organization"},"image":{"@id":"https:\/\/www.msshkg.com.ba\/index.php\/2023\/02\/21\/klokan-matematicar-2022\/#primaryimage"},"thumbnailUrl":"https:\/\/www.msshkg.com.ba\/wp-content\/uploads\/2023\/02\/klokan_matematicar_poster_2023-scaled-e1676970301989.jpg","articleSection":["Naslovnica"],"inLanguage":"bs-BA","potentialAction":[{"@type":"CommentAction","name":"Comment","target":["https:\/\/www.msshkg.com.ba\/index.php\/2023\/02\/21\/klokan-matematicar-2022\/#respond"]}]},{"@type":"WebPage","@id":"https:\/\/www.msshkg.com.ba\/index.php\/2023\/02\/21\/klokan-matematicar-2022\/","url":"https:\/\/www.msshkg.com.ba\/index.php\/2023\/02\/21\/klokan-matematicar-2022\/","name":"KLOKAN MATEMATI\u010cAR 2022 - Mje\u0161ovita srednja \u0161kola &quot;Hasan Kiki\u0107&quot; Grada\u010dac","isPartOf":{"@id":"https:\/\/www.msshkg.com.ba\/#website"},"primaryImageOfPage":{"@id":"https:\/\/www.msshkg.com.ba\/index.php\/2023\/02\/21\/klokan-matematicar-2022\/#primaryimage"},"image":{"@id":"https:\/\/www.msshkg.com.ba\/index.php\/2023\/02\/21\/klokan-matematicar-2022\/#primaryimage"},"thumbnailUrl":"https:\/\/www.msshkg.com.ba\/wp-content\/uploads\/2023\/02\/klokan_matematicar_poster_2023-scaled-e1676970301989.jpg","datePublished":"2023-02-21T09:00:00+00:00","dateModified":"2023-02-21T09:05:15+00:00","breadcrumb":{"@id":"https:\/\/www.msshkg.com.ba\/index.php\/2023\/02\/21\/klokan-matematicar-2022\/#breadcrumb"},"inLanguage":"bs-BA","potentialAction":[{"@type":"ReadAction","target":["https:\/\/www.msshkg.com.ba\/index.php\/2023\/02\/21\/klokan-matematicar-2022\/"]}]},{"@type":"ImageObject","inLanguage":"bs-BA","@id":"https:\/\/www.msshkg.com.ba\/index.php\/2023\/02\/21\/klokan-matematicar-2022\/#primaryimage","url":"https:\/\/www.msshkg.com.ba\/wp-content\/uploads\/2023\/02\/klokan_matematicar_poster_2023-scaled-e1676970301989.jpg","contentUrl":"https:\/\/www.msshkg.com.ba\/wp-content\/uploads\/2023\/02\/klokan_matematicar_poster_2023-scaled-e1676970301989.jpg","width":250,"height":354},{"@type":"BreadcrumbList","@id":"https:\/\/www.msshkg.com.ba\/index.php\/2023\/02\/21\/klokan-matematicar-2022\/#breadcrumb","itemListElement":[{"@type":"ListItem","position":1,"name":"Home","item":"https:\/\/www.msshkg.com.ba\/"},{"@type":"ListItem","position":2,"name":"KLOKAN MATEMATI\u010cAR 2022"}]},{"@type":"WebSite","@id":"https:\/\/www.msshkg.com.ba\/#website","url":"https:\/\/www.msshkg.com.ba\/","name":"Mje\u0161ovita srednja \u0161kola &quot;Hasan Kiki\u0107&quot; Grada\u010dac","description":"","publisher":{"@id":"https:\/\/www.msshkg.com.ba\/#organization"},"potentialAction":[{"@type":"SearchAction","target":{"@type":"EntryPoint","urlTemplate":"https:\/\/www.msshkg.com.ba\/?s={search_term_string}"},"query-input":{"@type":"PropertyValueSpecification","valueRequired":true,"valueName":"search_term_string"}}],"inLanguage":"bs-BA"},{"@type":"Organization","@id":"https:\/\/www.msshkg.com.ba\/#organization","name":"Mje\u0161ovita srednja \u0161kola &quot;Hasan Kiki\u0107&quot; Grada\u010dac","url":"https:\/\/www.msshkg.com.ba\/","logo":{"@type":"ImageObject","inLanguage":"bs-BA","@id":"https:\/\/www.msshkg.com.ba\/#\/schema\/logo\/image\/","url":"https:\/\/www.msshkg.com.ba\/wp-content\/uploads\/2022\/01\/LogoWeb2.jpg","contentUrl":"https:\/\/www.msshkg.com.ba\/wp-content\/uploads\/2022\/01\/LogoWeb2.jpg","width":150,"height":150,"caption":"Mje\u0161ovita srednja \u0161kola &quot;Hasan Kiki\u0107&quot; Grada\u010dac"},"image":{"@id":"https:\/\/www.msshkg.com.ba\/#\/schema\/logo\/image\/"}},{"@type":"Person","@id":"https:\/\/www.msshkg.com.ba\/#\/schema\/person\/3122c1c496e5835573e6c75c805130f5","name":"Samir Mujdzic","image":{"@type":"ImageObject","inLanguage":"bs-BA","@id":"https:\/\/www.msshkg.com.ba\/#\/schema\/person\/image\/","url":"https:\/\/secure.gravatar.com\/avatar\/ba7bd829c959fc2571729de7fcc679ab2b1e4403a1e9afc53e0914dee72df5d4?s=96&d=mm&r=g","contentUrl":"https:\/\/secure.gravatar.com\/avatar\/ba7bd829c959fc2571729de7fcc679ab2b1e4403a1e9afc53e0914dee72df5d4?s=96&d=mm&r=g","caption":"Samir Mujdzic"},"sameAs":["https:\/\/www.msshkg.com.ba"],"url":"https:\/\/www.msshkg.com.ba\/index.php\/author\/samir\/"}]}},"_links":{"self":[{"href":"https:\/\/www.msshkg.com.ba\/index.php\/wp-json\/wp\/v2\/posts\/698","targetHints":{"allow":["GET"]}}],"collection":[{"href":"https:\/\/www.msshkg.com.ba\/index.php\/wp-json\/wp\/v2\/posts"}],"about":[{"href":"https:\/\/www.msshkg.com.ba\/index.php\/wp-json\/wp\/v2\/types\/post"}],"author":[{"embeddable":true,"href":"https:\/\/www.msshkg.com.ba\/index.php\/wp-json\/wp\/v2\/users\/1"}],"replies":[{"embeddable":true,"href":"https:\/\/www.msshkg.com.ba\/index.php\/wp-json\/wp\/v2\/comments?post=698"}],"version-history":[{"count":10,"href":"https:\/\/www.msshkg.com.ba\/index.php\/wp-json\/wp\/v2\/posts\/698\/revisions"}],"predecessor-version":[{"id":1293,"href":"https:\/\/www.msshkg.com.ba\/index.php\/wp-json\/wp\/v2\/posts\/698\/revisions\/1293"}],"wp:featuredmedia":[{"embeddable":true,"href":"https:\/\/www.msshkg.com.ba\/index.php\/wp-json\/wp\/v2\/media\/1294"}],"wp:attachment":[{"href":"https:\/\/www.msshkg.com.ba\/index.php\/wp-json\/wp\/v2\/media?parent=698"}],"wp:term":[{"taxonomy":"category","embeddable":true,"href":"https:\/\/www.msshkg.com.ba\/index.php\/wp-json\/wp\/v2\/categories?post=698"},{"taxonomy":"post_tag","embeddable":true,"href":"https:\/\/www.msshkg.com.ba\/index.php\/wp-json\/wp\/v2\/tags?post=698"}],"curies":[{"name":"wp","href":"https:\/\/api.w.org\/{rel}","templated":true}]}}