{"id":1622,"date":"2024-10-04T12:00:00","date_gmt":"2024-10-04T10:00:00","guid":{"rendered":"https:\/\/www.msshkg.com.ba\/?p=1622"},"modified":"2024-10-10T10:13:15","modified_gmt":"2024-10-10T08:13:15","slug":"dan-ucitelja","status":"publish","type":"post","link":"https:\/\/www.msshkg.com.ba\/index.php\/2024\/10\/04\/dan-ucitelja\/","title":{"rendered":"Dan u\u010ditelja"},"content":{"rendered":"\n<p>Svjetski dan u\u010ditelja, koji se svake godine\u00a0obilje\u017eava 5. oktobra, prilika je da se oda po\u010dast ovim predanimstru\u010dnjacima i da se prepozna njihov neizmjeran doprinos dru\u0161tvu. Nastava i obrazovanje su\u00a0temeljidru\u0161tva, a u\u010ditelji su tihi heroji koji oblikuju\u00a0budu\u0107nost generacija. Ovaj dan je tako\u0111e prilika da se razmislio stanju obrazovanja i obrazovnih radnika \u0161irom svijeta.U JU MS\u0160 \u201eHasan Kiki\u0107\u201c Dan u\u010ditelja je ove godine obilje\u017een 4. oktobra sve\u010danom sjednicom Nastavni\u010dkogvije\u0107a, a nekoliko profesora na\u0161e \u0161kole je prisustvovalo sve\u010danoj akademiji povodom Svjetskog danau\u010ditelja odr\u017eanoj u Tuzli u organizaciji Ministarstva obrazovanja i nauke Tuzlanskog kantona, Pedago\u0161kogzavoda Tuzlanskog kantona te sindikata osnovnog i srednjeg odgoja i obrazovanja Tuzlanskog kantona.Svjetski dan u\u010ditelja je prilika da se u\u010diteljima zahvali na njihovom posve\u0107enom radu i posve\u0107enostinjihovom pozivu.<\/p>\n\n\n\n<figure class=\"wp-block-gallery has-nested-images columns-default is-cropped wp-block-gallery-1 is-layout-flex wp-block-gallery-is-layout-flex\">\n<figure class=\"wp-block-image size-large\"><a href=\"https:\/\/www.msshkg.com.ba\/wp-content\/uploads\/2024\/10\/DanUcitelja1.jpg\" target=\"_blank\" rel=\"noreferrer noopener\"><img loading=\"lazy\" decoding=\"async\" width=\"1024\" height=\"572\" data-id=\"1623\" src=\"https:\/\/www.msshkg.com.ba\/wp-content\/uploads\/2024\/10\/DanUcitelja1-1024x572.jpg\" alt=\"\" class=\"wp-image-1623\" srcset=\"https:\/\/www.msshkg.com.ba\/wp-content\/uploads\/2024\/10\/DanUcitelja1-1024x572.jpg 1024w, https:\/\/www.msshkg.com.ba\/wp-content\/uploads\/2024\/10\/DanUcitelja1-300x167.jpg 300w, https:\/\/www.msshkg.com.ba\/wp-content\/uploads\/2024\/10\/DanUcitelja1-768x429.jpg 768w, https:\/\/www.msshkg.com.ba\/wp-content\/uploads\/2024\/10\/DanUcitelja1.jpg 1376w\" sizes=\"auto, (max-width: 1024px) 100vw, 1024px\" \/><\/a><\/figure>\n\n\n\n<figure class=\"wp-block-image size-large\"><a href=\"https:\/\/www.msshkg.com.ba\/wp-content\/uploads\/2024\/10\/DanUcitelja2.jpg\" target=\"_blank\" rel=\"noreferrer noopener\"><img loading=\"lazy\" decoding=\"async\" width=\"1024\" height=\"461\" data-id=\"1624\" src=\"https:\/\/www.msshkg.com.ba\/wp-content\/uploads\/2024\/10\/DanUcitelja2-1024x461.jpg\" alt=\"\" class=\"wp-image-1624\"\/><\/a><\/figure>\n<\/figure>\n\n\n\n<figure class=\"wp-block-embed is-type-video is-provider-youtube wp-block-embed-youtube wp-embed-aspect-16-9 wp-has-aspect-ratio\"><div class=\"wp-block-embed__wrapper\">\n<iframe loading=\"lazy\" title=\"Dan u\u010ditelja 2024.\" width=\"640\" height=\"360\" src=\"https:\/\/www.youtube.com\/embed\/FAM2Wp13-Zs?feature=oembed\" frameborder=\"0\" allow=\"accelerometer; autoplay; clipboard-write; encrypted-media; gyroscope; picture-in-picture; web-share\" referrerpolicy=\"strict-origin-when-cross-origin\" allowfullscreen><\/iframe>\n<\/div><\/figure>\n<div style=\"margin-top: 0px; margin-bottom: 0px;\" class=\"sharethis-inline-share-buttons\" ><\/div>","protected":false},"excerpt":{"rendered":"<p>Svjetski dan u\u010ditelja, koji se svake godine\u00a0obilje\u017eava 5. oktobra, prilika je da se oda po\u010dast ovim predanimstru\u010dnjacima i da se prepozna njihov neizmjeran doprinos dru\u0161tvu. Nastava i obrazovanje su\u00a0temeljidru\u0161tva, a u\u010ditelji su tihi heroji koji oblikuju\u00a0budu\u0107nost generacija. Ovaj dan je tako\u0111e prilika da se razmislio stanju obrazovanja i obrazovnih radnika \u0161irom svijeta.U JU MS\u0160 \u201eHasan [&hellip;]<\/p>\n","protected":false},"author":1,"featured_media":1624,"comment_status":"open","ping_status":"open","sticky":false,"template":"","format":"standard","meta":{"_bbp_topic_count":0,"_bbp_reply_count":0,"_bbp_total_topic_count":0,"_bbp_total_reply_count":0,"_bbp_voice_count":0,"_bbp_anonymous_reply_count":0,"_bbp_topic_count_hidden":0,"_bbp_reply_count_hidden":0,"_bbp_forum_subforum_count":0,"footnotes":""},"categories":[3],"tags":[],"class_list":["post-1622","post","type-post","status-publish","format-standard","has-post-thumbnail","hentry","category-naslovnica"],"yoast_head":"<!-- This site is optimized with the Yoast SEO plugin v26.0 - https:\/\/yoast.com\/wordpress\/plugins\/seo\/ -->\n<title>Dan u\u010ditelja - Mje\u0161ovita srednja \u0161kola &quot;Hasan Kiki\u0107&quot; Grada\u010dac<\/title>\n<meta name=\"robots\" content=\"index, follow, max-snippet:-1, max-image-preview:large, max-video-preview:-1\" \/>\n<link rel=\"canonical\" href=\"https:\/\/www.msshkg.com.ba\/index.php\/2024\/10\/04\/dan-ucitelja\/\" \/>\n<meta property=\"og:locale\" content=\"bs_BA\" \/>\n<meta property=\"og:type\" content=\"article\" \/>\n<meta property=\"og:title\" content=\"Dan u\u010ditelja - Mje\u0161ovita srednja \u0161kola &quot;Hasan Kiki\u0107&quot; Grada\u010dac\" \/>\n<meta property=\"og:description\" content=\"Svjetski dan u\u010ditelja, koji se svake godine\u00a0obilje\u017eava 5. oktobra, prilika je da se oda po\u010dast ovim predanimstru\u010dnjacima i da se prepozna njihov neizmjeran doprinos dru\u0161tvu. Nastava i obrazovanje su\u00a0temeljidru\u0161tva, a u\u010ditelji su tihi heroji koji oblikuju\u00a0budu\u0107nost generacija. Ovaj dan je tako\u0111e prilika da se razmislio stanju obrazovanja i obrazovnih radnika \u0161irom svijeta.U JU MS\u0160 \u201eHasan [&hellip;]\" \/>\n<meta property=\"og:url\" content=\"https:\/\/www.msshkg.com.ba\/index.php\/2024\/10\/04\/dan-ucitelja\/\" \/>\n<meta property=\"og:site_name\" content=\"Mje\u0161ovita srednja \u0161kola &quot;Hasan Kiki\u0107&quot; Grada\u010dac\" \/>\n<meta property=\"article:published_time\" content=\"2024-10-04T10:00:00+00:00\" \/>\n<meta property=\"article:modified_time\" content=\"2024-10-10T08:13:15+00:00\" \/>\n<meta property=\"og:image\" content=\"https:\/\/www.msshkg.com.ba\/wp-content\/uploads\/2024\/10\/DanUcitelja2-e1728547985684.jpg\" \/>\n\t<meta property=\"og:image:width\" content=\"250\" \/>\n\t<meta property=\"og:image:height\" content=\"113\" \/>\n\t<meta property=\"og:image:type\" content=\"image\/jpeg\" \/>\n<meta name=\"author\" content=\"Samir Mujdzic\" \/>\n<meta name=\"twitter:card\" content=\"summary_large_image\" \/>\n<meta name=\"twitter:label1\" content=\"Written by\" \/>\n\t<meta name=\"twitter:data1\" content=\"Samir Mujdzic\" \/>\n\t<meta name=\"twitter:label2\" content=\"Est. reading time\" \/>\n\t<meta name=\"twitter:data2\" content=\"2 minute\" \/>\n<script type=\"application\/ld+json\" class=\"yoast-schema-graph\">{\"@context\":\"https:\/\/schema.org\",\"@graph\":[{\"@type\":\"Article\",\"@id\":\"https:\/\/www.msshkg.com.ba\/index.php\/2024\/10\/04\/dan-ucitelja\/#article\",\"isPartOf\":{\"@id\":\"https:\/\/www.msshkg.com.ba\/index.php\/2024\/10\/04\/dan-ucitelja\/\"},\"author\":{\"name\":\"Samir Mujdzic\",\"@id\":\"https:\/\/www.msshkg.com.ba\/#\/schema\/person\/3122c1c496e5835573e6c75c805130f5\"},\"headline\":\"Dan u\u010ditelja\",\"datePublished\":\"2024-10-04T10:00:00+00:00\",\"dateModified\":\"2024-10-10T08:13:15+00:00\",\"mainEntityOfPage\":{\"@id\":\"https:\/\/www.msshkg.com.ba\/index.php\/2024\/10\/04\/dan-ucitelja\/\"},\"wordCount\":153,\"commentCount\":0,\"publisher\":{\"@id\":\"https:\/\/www.msshkg.com.ba\/#organization\"},\"image\":{\"@id\":\"https:\/\/www.msshkg.com.ba\/index.php\/2024\/10\/04\/dan-ucitelja\/#primaryimage\"},\"thumbnailUrl\":\"https:\/\/www.msshkg.com.ba\/wp-content\/uploads\/2024\/10\/DanUcitelja2-e1728547985684.jpg\",\"articleSection\":[\"Naslovnica\"],\"inLanguage\":\"bs-BA\",\"potentialAction\":[{\"@type\":\"CommentAction\",\"name\":\"Comment\",\"target\":[\"https:\/\/www.msshkg.com.ba\/index.php\/2024\/10\/04\/dan-ucitelja\/#respond\"]}]},{\"@type\":\"WebPage\",\"@id\":\"https:\/\/www.msshkg.com.ba\/index.php\/2024\/10\/04\/dan-ucitelja\/\",\"url\":\"https:\/\/www.msshkg.com.ba\/index.php\/2024\/10\/04\/dan-ucitelja\/\",\"name\":\"Dan u\u010ditelja - Mje\u0161ovita srednja \u0161kola &quot;Hasan Kiki\u0107&quot; Grada\u010dac\",\"isPartOf\":{\"@id\":\"https:\/\/www.msshkg.com.ba\/#website\"},\"primaryImageOfPage\":{\"@id\":\"https:\/\/www.msshkg.com.ba\/index.php\/2024\/10\/04\/dan-ucitelja\/#primaryimage\"},\"image\":{\"@id\":\"https:\/\/www.msshkg.com.ba\/index.php\/2024\/10\/04\/dan-ucitelja\/#primaryimage\"},\"thumbnailUrl\":\"https:\/\/www.msshkg.com.ba\/wp-content\/uploads\/2024\/10\/DanUcitelja2-e1728547985684.jpg\",\"datePublished\":\"2024-10-04T10:00:00+00:00\",\"dateModified\":\"2024-10-10T08:13:15+00:00\",\"breadcrumb\":{\"@id\":\"https:\/\/www.msshkg.com.ba\/index.php\/2024\/10\/04\/dan-ucitelja\/#breadcrumb\"},\"inLanguage\":\"bs-BA\",\"potentialAction\":[{\"@type\":\"ReadAction\",\"target\":[\"https:\/\/www.msshkg.com.ba\/index.php\/2024\/10\/04\/dan-ucitelja\/\"]}]},{\"@type\":\"ImageObject\",\"inLanguage\":\"bs-BA\",\"@id\":\"https:\/\/www.msshkg.com.ba\/index.php\/2024\/10\/04\/dan-ucitelja\/#primaryimage\",\"url\":\"https:\/\/www.msshkg.com.ba\/wp-content\/uploads\/2024\/10\/DanUcitelja2-e1728547985684.jpg\",\"contentUrl\":\"https:\/\/www.msshkg.com.ba\/wp-content\/uploads\/2024\/10\/DanUcitelja2-e1728547985684.jpg\",\"width\":250,\"height\":113},{\"@type\":\"BreadcrumbList\",\"@id\":\"https:\/\/www.msshkg.com.ba\/index.php\/2024\/10\/04\/dan-ucitelja\/#breadcrumb\",\"itemListElement\":[{\"@type\":\"ListItem\",\"position\":1,\"name\":\"Home\",\"item\":\"https:\/\/www.msshkg.com.ba\/\"},{\"@type\":\"ListItem\",\"position\":2,\"name\":\"Dan u\u010ditelja\"}]},{\"@type\":\"WebSite\",\"@id\":\"https:\/\/www.msshkg.com.ba\/#website\",\"url\":\"https:\/\/www.msshkg.com.ba\/\",\"name\":\"Mje\u0161ovita srednja \u0161kola &quot;Hasan Kiki\u0107&quot; Grada\u010dac\",\"description\":\"\",\"publisher\":{\"@id\":\"https:\/\/www.msshkg.com.ba\/#organization\"},\"potentialAction\":[{\"@type\":\"SearchAction\",\"target\":{\"@type\":\"EntryPoint\",\"urlTemplate\":\"https:\/\/www.msshkg.com.ba\/?s={search_term_string}\"},\"query-input\":{\"@type\":\"PropertyValueSpecification\",\"valueRequired\":true,\"valueName\":\"search_term_string\"}}],\"inLanguage\":\"bs-BA\"},{\"@type\":\"Organization\",\"@id\":\"https:\/\/www.msshkg.com.ba\/#organization\",\"name\":\"Mje\u0161ovita srednja \u0161kola &quot;Hasan Kiki\u0107&quot; Grada\u010dac\",\"url\":\"https:\/\/www.msshkg.com.ba\/\",\"logo\":{\"@type\":\"ImageObject\",\"inLanguage\":\"bs-BA\",\"@id\":\"https:\/\/www.msshkg.com.ba\/#\/schema\/logo\/image\/\",\"url\":\"https:\/\/www.msshkg.com.ba\/wp-content\/uploads\/2022\/01\/LogoWeb2.jpg\",\"contentUrl\":\"https:\/\/www.msshkg.com.ba\/wp-content\/uploads\/2022\/01\/LogoWeb2.jpg\",\"width\":150,\"height\":150,\"caption\":\"Mje\u0161ovita srednja \u0161kola &quot;Hasan Kiki\u0107&quot; Grada\u010dac\"},\"image\":{\"@id\":\"https:\/\/www.msshkg.com.ba\/#\/schema\/logo\/image\/\"}},{\"@type\":\"Person\",\"@id\":\"https:\/\/www.msshkg.com.ba\/#\/schema\/person\/3122c1c496e5835573e6c75c805130f5\",\"name\":\"Samir Mujdzic\",\"image\":{\"@type\":\"ImageObject\",\"inLanguage\":\"bs-BA\",\"@id\":\"https:\/\/www.msshkg.com.ba\/#\/schema\/person\/image\/\",\"url\":\"https:\/\/secure.gravatar.com\/avatar\/ba7bd829c959fc2571729de7fcc679ab2b1e4403a1e9afc53e0914dee72df5d4?s=96&d=mm&r=g\",\"contentUrl\":\"https:\/\/secure.gravatar.com\/avatar\/ba7bd829c959fc2571729de7fcc679ab2b1e4403a1e9afc53e0914dee72df5d4?s=96&d=mm&r=g\",\"caption\":\"Samir Mujdzic\"},\"sameAs\":[\"https:\/\/www.msshkg.com.ba\"],\"url\":\"https:\/\/www.msshkg.com.ba\/index.php\/author\/samir\/\"}]}<\/script>\n<!-- \/ Yoast SEO plugin. -->","yoast_head_json":{"title":"Dan u\u010ditelja - Mje\u0161ovita srednja \u0161kola &quot;Hasan Kiki\u0107&quot; Grada\u010dac","robots":{"index":"index","follow":"follow","max-snippet":"max-snippet:-1","max-image-preview":"max-image-preview:large","max-video-preview":"max-video-preview:-1"},"canonical":"https:\/\/www.msshkg.com.ba\/index.php\/2024\/10\/04\/dan-ucitelja\/","og_locale":"bs_BA","og_type":"article","og_title":"Dan u\u010ditelja - Mje\u0161ovita srednja \u0161kola &quot;Hasan Kiki\u0107&quot; Grada\u010dac","og_description":"Svjetski dan u\u010ditelja, koji se svake godine\u00a0obilje\u017eava 5. oktobra, prilika je da se oda po\u010dast ovim predanimstru\u010dnjacima i da se prepozna njihov neizmjeran doprinos dru\u0161tvu. Nastava i obrazovanje su\u00a0temeljidru\u0161tva, a u\u010ditelji su tihi heroji koji oblikuju\u00a0budu\u0107nost generacija. Ovaj dan je tako\u0111e prilika da se razmislio stanju obrazovanja i obrazovnih radnika \u0161irom svijeta.U JU MS\u0160 \u201eHasan [&hellip;]","og_url":"https:\/\/www.msshkg.com.ba\/index.php\/2024\/10\/04\/dan-ucitelja\/","og_site_name":"Mje\u0161ovita srednja \u0161kola &quot;Hasan Kiki\u0107&quot; Grada\u010dac","article_published_time":"2024-10-04T10:00:00+00:00","article_modified_time":"2024-10-10T08:13:15+00:00","og_image":[{"width":250,"height":113,"url":"https:\/\/www.msshkg.com.ba\/wp-content\/uploads\/2024\/10\/DanUcitelja2-e1728547985684.jpg","type":"image\/jpeg"}],"author":"Samir Mujdzic","twitter_card":"summary_large_image","twitter_misc":{"Written by":"Samir Mujdzic","Est. reading time":"2 minute"},"schema":{"@context":"https:\/\/schema.org","@graph":[{"@type":"Article","@id":"https:\/\/www.msshkg.com.ba\/index.php\/2024\/10\/04\/dan-ucitelja\/#article","isPartOf":{"@id":"https:\/\/www.msshkg.com.ba\/index.php\/2024\/10\/04\/dan-ucitelja\/"},"author":{"name":"Samir Mujdzic","@id":"https:\/\/www.msshkg.com.ba\/#\/schema\/person\/3122c1c496e5835573e6c75c805130f5"},"headline":"Dan u\u010ditelja","datePublished":"2024-10-04T10:00:00+00:00","dateModified":"2024-10-10T08:13:15+00:00","mainEntityOfPage":{"@id":"https:\/\/www.msshkg.com.ba\/index.php\/2024\/10\/04\/dan-ucitelja\/"},"wordCount":153,"commentCount":0,"publisher":{"@id":"https:\/\/www.msshkg.com.ba\/#organization"},"image":{"@id":"https:\/\/www.msshkg.com.ba\/index.php\/2024\/10\/04\/dan-ucitelja\/#primaryimage"},"thumbnailUrl":"https:\/\/www.msshkg.com.ba\/wp-content\/uploads\/2024\/10\/DanUcitelja2-e1728547985684.jpg","articleSection":["Naslovnica"],"inLanguage":"bs-BA","potentialAction":[{"@type":"CommentAction","name":"Comment","target":["https:\/\/www.msshkg.com.ba\/index.php\/2024\/10\/04\/dan-ucitelja\/#respond"]}]},{"@type":"WebPage","@id":"https:\/\/www.msshkg.com.ba\/index.php\/2024\/10\/04\/dan-ucitelja\/","url":"https:\/\/www.msshkg.com.ba\/index.php\/2024\/10\/04\/dan-ucitelja\/","name":"Dan u\u010ditelja - Mje\u0161ovita srednja \u0161kola &quot;Hasan Kiki\u0107&quot; Grada\u010dac","isPartOf":{"@id":"https:\/\/www.msshkg.com.ba\/#website"},"primaryImageOfPage":{"@id":"https:\/\/www.msshkg.com.ba\/index.php\/2024\/10\/04\/dan-ucitelja\/#primaryimage"},"image":{"@id":"https:\/\/www.msshkg.com.ba\/index.php\/2024\/10\/04\/dan-ucitelja\/#primaryimage"},"thumbnailUrl":"https:\/\/www.msshkg.com.ba\/wp-content\/uploads\/2024\/10\/DanUcitelja2-e1728547985684.jpg","datePublished":"2024-10-04T10:00:00+00:00","dateModified":"2024-10-10T08:13:15+00:00","breadcrumb":{"@id":"https:\/\/www.msshkg.com.ba\/index.php\/2024\/10\/04\/dan-ucitelja\/#breadcrumb"},"inLanguage":"bs-BA","potentialAction":[{"@type":"ReadAction","target":["https:\/\/www.msshkg.com.ba\/index.php\/2024\/10\/04\/dan-ucitelja\/"]}]},{"@type":"ImageObject","inLanguage":"bs-BA","@id":"https:\/\/www.msshkg.com.ba\/index.php\/2024\/10\/04\/dan-ucitelja\/#primaryimage","url":"https:\/\/www.msshkg.com.ba\/wp-content\/uploads\/2024\/10\/DanUcitelja2-e1728547985684.jpg","contentUrl":"https:\/\/www.msshkg.com.ba\/wp-content\/uploads\/2024\/10\/DanUcitelja2-e1728547985684.jpg","width":250,"height":113},{"@type":"BreadcrumbList","@id":"https:\/\/www.msshkg.com.ba\/index.php\/2024\/10\/04\/dan-ucitelja\/#breadcrumb","itemListElement":[{"@type":"ListItem","position":1,"name":"Home","item":"https:\/\/www.msshkg.com.ba\/"},{"@type":"ListItem","position":2,"name":"Dan u\u010ditelja"}]},{"@type":"WebSite","@id":"https:\/\/www.msshkg.com.ba\/#website","url":"https:\/\/www.msshkg.com.ba\/","name":"Mje\u0161ovita srednja \u0161kola &quot;Hasan Kiki\u0107&quot; Grada\u010dac","description":"","publisher":{"@id":"https:\/\/www.msshkg.com.ba\/#organization"},"potentialAction":[{"@type":"SearchAction","target":{"@type":"EntryPoint","urlTemplate":"https:\/\/www.msshkg.com.ba\/?s={search_term_string}"},"query-input":{"@type":"PropertyValueSpecification","valueRequired":true,"valueName":"search_term_string"}}],"inLanguage":"bs-BA"},{"@type":"Organization","@id":"https:\/\/www.msshkg.com.ba\/#organization","name":"Mje\u0161ovita srednja \u0161kola &quot;Hasan Kiki\u0107&quot; Grada\u010dac","url":"https:\/\/www.msshkg.com.ba\/","logo":{"@type":"ImageObject","inLanguage":"bs-BA","@id":"https:\/\/www.msshkg.com.ba\/#\/schema\/logo\/image\/","url":"https:\/\/www.msshkg.com.ba\/wp-content\/uploads\/2022\/01\/LogoWeb2.jpg","contentUrl":"https:\/\/www.msshkg.com.ba\/wp-content\/uploads\/2022\/01\/LogoWeb2.jpg","width":150,"height":150,"caption":"Mje\u0161ovita srednja \u0161kola &quot;Hasan Kiki\u0107&quot; Grada\u010dac"},"image":{"@id":"https:\/\/www.msshkg.com.ba\/#\/schema\/logo\/image\/"}},{"@type":"Person","@id":"https:\/\/www.msshkg.com.ba\/#\/schema\/person\/3122c1c496e5835573e6c75c805130f5","name":"Samir Mujdzic","image":{"@type":"ImageObject","inLanguage":"bs-BA","@id":"https:\/\/www.msshkg.com.ba\/#\/schema\/person\/image\/","url":"https:\/\/secure.gravatar.com\/avatar\/ba7bd829c959fc2571729de7fcc679ab2b1e4403a1e9afc53e0914dee72df5d4?s=96&d=mm&r=g","contentUrl":"https:\/\/secure.gravatar.com\/avatar\/ba7bd829c959fc2571729de7fcc679ab2b1e4403a1e9afc53e0914dee72df5d4?s=96&d=mm&r=g","caption":"Samir Mujdzic"},"sameAs":["https:\/\/www.msshkg.com.ba"],"url":"https:\/\/www.msshkg.com.ba\/index.php\/author\/samir\/"}]}},"_links":{"self":[{"href":"https:\/\/www.msshkg.com.ba\/index.php\/wp-json\/wp\/v2\/posts\/1622","targetHints":{"allow":["GET"]}}],"collection":[{"href":"https:\/\/www.msshkg.com.ba\/index.php\/wp-json\/wp\/v2\/posts"}],"about":[{"href":"https:\/\/www.msshkg.com.ba\/index.php\/wp-json\/wp\/v2\/types\/post"}],"author":[{"embeddable":true,"href":"https:\/\/www.msshkg.com.ba\/index.php\/wp-json\/wp\/v2\/users\/1"}],"replies":[{"embeddable":true,"href":"https:\/\/www.msshkg.com.ba\/index.php\/wp-json\/wp\/v2\/comments?post=1622"}],"version-history":[{"count":1,"href":"https:\/\/www.msshkg.com.ba\/index.php\/wp-json\/wp\/v2\/posts\/1622\/revisions"}],"predecessor-version":[{"id":1625,"href":"https:\/\/www.msshkg.com.ba\/index.php\/wp-json\/wp\/v2\/posts\/1622\/revisions\/1625"}],"wp:featuredmedia":[{"embeddable":true,"href":"https:\/\/www.msshkg.com.ba\/index.php\/wp-json\/wp\/v2\/media\/1624"}],"wp:attachment":[{"href":"https:\/\/www.msshkg.com.ba\/index.php\/wp-json\/wp\/v2\/media?parent=1622"}],"wp:term":[{"taxonomy":"category","embeddable":true,"href":"https:\/\/www.msshkg.com.ba\/index.php\/wp-json\/wp\/v2\/categories?post=1622"},{"taxonomy":"post_tag","embeddable":true,"href":"https:\/\/www.msshkg.com.ba\/index.php\/wp-json\/wp\/v2\/tags?post=1622"}],"curies":[{"name":"wp","href":"https:\/\/api.w.org\/{rel}","templated":true}]}}