{"id":1504,"date":"2024-03-07T13:00:00","date_gmt":"2024-03-07T12:00:00","guid":{"rendered":"https:\/\/www.msshkg.com.ba\/?p=1504"},"modified":"2024-03-08T08:11:35","modified_gmt":"2024-03-08T07:11:35","slug":"nase-ucenice-i-ucenici-gradski-prvaci-u-malom-nogometu","status":"publish","type":"post","link":"https:\/\/www.msshkg.com.ba\/index.php\/2024\/03\/07\/nase-ucenice-i-ucenici-gradski-prvaci-u-malom-nogometu\/","title":{"rendered":"NA\u0160E U\u010cENICE I U\u010cENICI GRADSKI PRVACI U MALOM NOGOMETU"},"content":{"rendered":"\n<p>U \u010detvrtak, 07.03.2024. godine, odr\u017eano je Gradsko takmi\u010denje osnovnih i srednjih \u0161kola u malom nogometu u JU O\u0160 &#8220;Hamdija Kre\u0161evljakovi\u0107&#8221;. Na\u0161a \u0161kola je u obje konkurencije (dje\u010daci i djevoj\u010dice) zauzela <strong>prva <\/strong>mjesta u kategoriji srednjih \u0161kola i ostvarila plasman na Kantonalno takmi\u010denje.<\/p>\n\n\n\n<figure class=\"wp-block-image size-large\"><img loading=\"lazy\" decoding=\"async\" width=\"1024\" height=\"768\" src=\"https:\/\/www.msshkg.com.ba\/wp-content\/uploads\/2024\/03\/OTSSl-1024x768.jpg\" alt=\"\" class=\"wp-image-1505\"\/><\/figure>\n<div style=\"margin-top: 0px; margin-bottom: 0px;\" class=\"sharethis-inline-share-buttons\" ><\/div>","protected":false},"excerpt":{"rendered":"<p>U \u010detvrtak, 07.03.2024. godine, odr\u017eano je Gradsko takmi\u010denje osnovnih i srednjih \u0161kola u malom nogometu u JU O\u0160 &#8220;Hamdija Kre\u0161evljakovi\u0107&#8221;. Na\u0161a \u0161kola je u obje konkurencije (dje\u010daci i djevoj\u010dice) zauzela prva mjesta u kategoriji srednjih \u0161kola i ostvarila plasman na Kantonalno takmi\u010denje.<\/p>\n","protected":false},"author":1,"featured_media":1505,"comment_status":"open","ping_status":"open","sticky":false,"template":"","format":"standard","meta":{"_bbp_topic_count":0,"_bbp_reply_count":0,"_bbp_total_topic_count":0,"_bbp_total_reply_count":0,"_bbp_voice_count":0,"_bbp_anonymous_reply_count":0,"_bbp_topic_count_hidden":0,"_bbp_reply_count_hidden":0,"_bbp_forum_subforum_count":0,"footnotes":""},"categories":[3],"tags":[],"class_list":["post-1504","post","type-post","status-publish","format-standard","has-post-thumbnail","hentry","category-naslovnica"],"yoast_head":"<!-- This site is optimized with the Yoast SEO plugin v26.0 - https:\/\/yoast.com\/wordpress\/plugins\/seo\/ -->\n<title>NA\u0160E U\u010cENICE I U\u010cENICI GRADSKI PRVACI U MALOM NOGOMETU - Mje\u0161ovita srednja \u0161kola &quot;Hasan Kiki\u0107&quot; Grada\u010dac<\/title>\n<meta name=\"robots\" content=\"index, follow, max-snippet:-1, max-image-preview:large, max-video-preview:-1\" \/>\n<link rel=\"canonical\" href=\"https:\/\/www.msshkg.com.ba\/index.php\/2024\/03\/07\/nase-ucenice-i-ucenici-gradski-prvaci-u-malom-nogometu\/\" \/>\n<meta property=\"og:locale\" content=\"bs_BA\" \/>\n<meta property=\"og:type\" content=\"article\" \/>\n<meta property=\"og:title\" content=\"NA\u0160E U\u010cENICE I U\u010cENICI GRADSKI PRVACI U MALOM NOGOMETU - Mje\u0161ovita srednja \u0161kola &quot;Hasan Kiki\u0107&quot; Grada\u010dac\" \/>\n<meta property=\"og:description\" content=\"U \u010detvrtak, 07.03.2024. godine, odr\u017eano je Gradsko takmi\u010denje osnovnih i srednjih \u0161kola u malom nogometu u JU O\u0160 &#8220;Hamdija Kre\u0161evljakovi\u0107&#8221;. Na\u0161a \u0161kola je u obje konkurencije (dje\u010daci i djevoj\u010dice) zauzela prva mjesta u kategoriji srednjih \u0161kola i ostvarila plasman na Kantonalno takmi\u010denje.\" \/>\n<meta property=\"og:url\" content=\"https:\/\/www.msshkg.com.ba\/index.php\/2024\/03\/07\/nase-ucenice-i-ucenici-gradski-prvaci-u-malom-nogometu\/\" \/>\n<meta property=\"og:site_name\" content=\"Mje\u0161ovita srednja \u0161kola &quot;Hasan Kiki\u0107&quot; Grada\u010dac\" \/>\n<meta property=\"article:published_time\" content=\"2024-03-07T12:00:00+00:00\" \/>\n<meta property=\"article:modified_time\" content=\"2024-03-08T07:11:35+00:00\" \/>\n<meta property=\"og:image\" content=\"https:\/\/www.msshkg.com.ba\/wp-content\/uploads\/2024\/03\/OTSSl-e1709881819953.jpg\" \/>\n\t<meta property=\"og:image:width\" content=\"255\" \/>\n\t<meta property=\"og:image:height\" content=\"191\" \/>\n\t<meta property=\"og:image:type\" content=\"image\/jpeg\" \/>\n<meta name=\"author\" content=\"Samir Mujdzic\" \/>\n<meta name=\"twitter:card\" content=\"summary_large_image\" \/>\n<meta name=\"twitter:label1\" content=\"Written by\" \/>\n\t<meta name=\"twitter:data1\" content=\"Samir Mujdzic\" \/>\n\t<meta name=\"twitter:label2\" content=\"Est. reading time\" \/>\n\t<meta name=\"twitter:data2\" content=\"1 minuta\" \/>\n<script type=\"application\/ld+json\" class=\"yoast-schema-graph\">{\"@context\":\"https:\/\/schema.org\",\"@graph\":[{\"@type\":\"Article\",\"@id\":\"https:\/\/www.msshkg.com.ba\/index.php\/2024\/03\/07\/nase-ucenice-i-ucenici-gradski-prvaci-u-malom-nogometu\/#article\",\"isPartOf\":{\"@id\":\"https:\/\/www.msshkg.com.ba\/index.php\/2024\/03\/07\/nase-ucenice-i-ucenici-gradski-prvaci-u-malom-nogometu\/\"},\"author\":{\"name\":\"Samir Mujdzic\",\"@id\":\"https:\/\/www.msshkg.com.ba\/#\/schema\/person\/3122c1c496e5835573e6c75c805130f5\"},\"headline\":\"NA\u0160E U\u010cENICE I U\u010cENICI GRADSKI PRVACI U MALOM NOGOMETU\",\"datePublished\":\"2024-03-07T12:00:00+00:00\",\"dateModified\":\"2024-03-08T07:11:35+00:00\",\"mainEntityOfPage\":{\"@id\":\"https:\/\/www.msshkg.com.ba\/index.php\/2024\/03\/07\/nase-ucenice-i-ucenici-gradski-prvaci-u-malom-nogometu\/\"},\"wordCount\":60,\"commentCount\":0,\"publisher\":{\"@id\":\"https:\/\/www.msshkg.com.ba\/#organization\"},\"image\":{\"@id\":\"https:\/\/www.msshkg.com.ba\/index.php\/2024\/03\/07\/nase-ucenice-i-ucenici-gradski-prvaci-u-malom-nogometu\/#primaryimage\"},\"thumbnailUrl\":\"https:\/\/www.msshkg.com.ba\/wp-content\/uploads\/2024\/03\/OTSSl-e1709881819953.jpg\",\"articleSection\":[\"Naslovnica\"],\"inLanguage\":\"bs-BA\",\"potentialAction\":[{\"@type\":\"CommentAction\",\"name\":\"Comment\",\"target\":[\"https:\/\/www.msshkg.com.ba\/index.php\/2024\/03\/07\/nase-ucenice-i-ucenici-gradski-prvaci-u-malom-nogometu\/#respond\"]}]},{\"@type\":\"WebPage\",\"@id\":\"https:\/\/www.msshkg.com.ba\/index.php\/2024\/03\/07\/nase-ucenice-i-ucenici-gradski-prvaci-u-malom-nogometu\/\",\"url\":\"https:\/\/www.msshkg.com.ba\/index.php\/2024\/03\/07\/nase-ucenice-i-ucenici-gradski-prvaci-u-malom-nogometu\/\",\"name\":\"NA\u0160E U\u010cENICE I U\u010cENICI GRADSKI PRVACI U MALOM NOGOMETU - Mje\u0161ovita srednja \u0161kola &quot;Hasan Kiki\u0107&quot; Grada\u010dac\",\"isPartOf\":{\"@id\":\"https:\/\/www.msshkg.com.ba\/#website\"},\"primaryImageOfPage\":{\"@id\":\"https:\/\/www.msshkg.com.ba\/index.php\/2024\/03\/07\/nase-ucenice-i-ucenici-gradski-prvaci-u-malom-nogometu\/#primaryimage\"},\"image\":{\"@id\":\"https:\/\/www.msshkg.com.ba\/index.php\/2024\/03\/07\/nase-ucenice-i-ucenici-gradski-prvaci-u-malom-nogometu\/#primaryimage\"},\"thumbnailUrl\":\"https:\/\/www.msshkg.com.ba\/wp-content\/uploads\/2024\/03\/OTSSl-e1709881819953.jpg\",\"datePublished\":\"2024-03-07T12:00:00+00:00\",\"dateModified\":\"2024-03-08T07:11:35+00:00\",\"breadcrumb\":{\"@id\":\"https:\/\/www.msshkg.com.ba\/index.php\/2024\/03\/07\/nase-ucenice-i-ucenici-gradski-prvaci-u-malom-nogometu\/#breadcrumb\"},\"inLanguage\":\"bs-BA\",\"potentialAction\":[{\"@type\":\"ReadAction\",\"target\":[\"https:\/\/www.msshkg.com.ba\/index.php\/2024\/03\/07\/nase-ucenice-i-ucenici-gradski-prvaci-u-malom-nogometu\/\"]}]},{\"@type\":\"ImageObject\",\"inLanguage\":\"bs-BA\",\"@id\":\"https:\/\/www.msshkg.com.ba\/index.php\/2024\/03\/07\/nase-ucenice-i-ucenici-gradski-prvaci-u-malom-nogometu\/#primaryimage\",\"url\":\"https:\/\/www.msshkg.com.ba\/wp-content\/uploads\/2024\/03\/OTSSl-e1709881819953.jpg\",\"contentUrl\":\"https:\/\/www.msshkg.com.ba\/wp-content\/uploads\/2024\/03\/OTSSl-e1709881819953.jpg\",\"width\":255,\"height\":191},{\"@type\":\"BreadcrumbList\",\"@id\":\"https:\/\/www.msshkg.com.ba\/index.php\/2024\/03\/07\/nase-ucenice-i-ucenici-gradski-prvaci-u-malom-nogometu\/#breadcrumb\",\"itemListElement\":[{\"@type\":\"ListItem\",\"position\":1,\"name\":\"Home\",\"item\":\"https:\/\/www.msshkg.com.ba\/\"},{\"@type\":\"ListItem\",\"position\":2,\"name\":\"NA\u0160E U\u010cENICE I U\u010cENICI GRADSKI PRVACI U MALOM NOGOMETU\"}]},{\"@type\":\"WebSite\",\"@id\":\"https:\/\/www.msshkg.com.ba\/#website\",\"url\":\"https:\/\/www.msshkg.com.ba\/\",\"name\":\"Mje\u0161ovita srednja \u0161kola &quot;Hasan Kiki\u0107&quot; Grada\u010dac\",\"description\":\"\",\"publisher\":{\"@id\":\"https:\/\/www.msshkg.com.ba\/#organization\"},\"potentialAction\":[{\"@type\":\"SearchAction\",\"target\":{\"@type\":\"EntryPoint\",\"urlTemplate\":\"https:\/\/www.msshkg.com.ba\/?s={search_term_string}\"},\"query-input\":{\"@type\":\"PropertyValueSpecification\",\"valueRequired\":true,\"valueName\":\"search_term_string\"}}],\"inLanguage\":\"bs-BA\"},{\"@type\":\"Organization\",\"@id\":\"https:\/\/www.msshkg.com.ba\/#organization\",\"name\":\"Mje\u0161ovita srednja \u0161kola &quot;Hasan Kiki\u0107&quot; Grada\u010dac\",\"url\":\"https:\/\/www.msshkg.com.ba\/\",\"logo\":{\"@type\":\"ImageObject\",\"inLanguage\":\"bs-BA\",\"@id\":\"https:\/\/www.msshkg.com.ba\/#\/schema\/logo\/image\/\",\"url\":\"https:\/\/www.msshkg.com.ba\/wp-content\/uploads\/2022\/01\/LogoWeb2.jpg\",\"contentUrl\":\"https:\/\/www.msshkg.com.ba\/wp-content\/uploads\/2022\/01\/LogoWeb2.jpg\",\"width\":150,\"height\":150,\"caption\":\"Mje\u0161ovita srednja \u0161kola &quot;Hasan Kiki\u0107&quot; Grada\u010dac\"},\"image\":{\"@id\":\"https:\/\/www.msshkg.com.ba\/#\/schema\/logo\/image\/\"}},{\"@type\":\"Person\",\"@id\":\"https:\/\/www.msshkg.com.ba\/#\/schema\/person\/3122c1c496e5835573e6c75c805130f5\",\"name\":\"Samir Mujdzic\",\"image\":{\"@type\":\"ImageObject\",\"inLanguage\":\"bs-BA\",\"@id\":\"https:\/\/www.msshkg.com.ba\/#\/schema\/person\/image\/\",\"url\":\"https:\/\/secure.gravatar.com\/avatar\/ba7bd829c959fc2571729de7fcc679ab2b1e4403a1e9afc53e0914dee72df5d4?s=96&d=mm&r=g\",\"contentUrl\":\"https:\/\/secure.gravatar.com\/avatar\/ba7bd829c959fc2571729de7fcc679ab2b1e4403a1e9afc53e0914dee72df5d4?s=96&d=mm&r=g\",\"caption\":\"Samir Mujdzic\"},\"sameAs\":[\"https:\/\/www.msshkg.com.ba\"],\"url\":\"https:\/\/www.msshkg.com.ba\/index.php\/author\/samir\/\"}]}<\/script>\n<!-- \/ Yoast SEO plugin. -->","yoast_head_json":{"title":"NA\u0160E U\u010cENICE I U\u010cENICI GRADSKI PRVACI U MALOM NOGOMETU - Mje\u0161ovita srednja \u0161kola &quot;Hasan Kiki\u0107&quot; Grada\u010dac","robots":{"index":"index","follow":"follow","max-snippet":"max-snippet:-1","max-image-preview":"max-image-preview:large","max-video-preview":"max-video-preview:-1"},"canonical":"https:\/\/www.msshkg.com.ba\/index.php\/2024\/03\/07\/nase-ucenice-i-ucenici-gradski-prvaci-u-malom-nogometu\/","og_locale":"bs_BA","og_type":"article","og_title":"NA\u0160E U\u010cENICE I U\u010cENICI GRADSKI PRVACI U MALOM NOGOMETU - Mje\u0161ovita srednja \u0161kola &quot;Hasan Kiki\u0107&quot; Grada\u010dac","og_description":"U \u010detvrtak, 07.03.2024. godine, odr\u017eano je Gradsko takmi\u010denje osnovnih i srednjih \u0161kola u malom nogometu u JU O\u0160 &#8220;Hamdija Kre\u0161evljakovi\u0107&#8221;. Na\u0161a \u0161kola je u obje konkurencije (dje\u010daci i djevoj\u010dice) zauzela prva mjesta u kategoriji srednjih \u0161kola i ostvarila plasman na Kantonalno takmi\u010denje.","og_url":"https:\/\/www.msshkg.com.ba\/index.php\/2024\/03\/07\/nase-ucenice-i-ucenici-gradski-prvaci-u-malom-nogometu\/","og_site_name":"Mje\u0161ovita srednja \u0161kola &quot;Hasan Kiki\u0107&quot; Grada\u010dac","article_published_time":"2024-03-07T12:00:00+00:00","article_modified_time":"2024-03-08T07:11:35+00:00","og_image":[{"width":255,"height":191,"url":"https:\/\/www.msshkg.com.ba\/wp-content\/uploads\/2024\/03\/OTSSl-e1709881819953.jpg","type":"image\/jpeg"}],"author":"Samir Mujdzic","twitter_card":"summary_large_image","twitter_misc":{"Written by":"Samir Mujdzic","Est. reading time":"1 minuta"},"schema":{"@context":"https:\/\/schema.org","@graph":[{"@type":"Article","@id":"https:\/\/www.msshkg.com.ba\/index.php\/2024\/03\/07\/nase-ucenice-i-ucenici-gradski-prvaci-u-malom-nogometu\/#article","isPartOf":{"@id":"https:\/\/www.msshkg.com.ba\/index.php\/2024\/03\/07\/nase-ucenice-i-ucenici-gradski-prvaci-u-malom-nogometu\/"},"author":{"name":"Samir Mujdzic","@id":"https:\/\/www.msshkg.com.ba\/#\/schema\/person\/3122c1c496e5835573e6c75c805130f5"},"headline":"NA\u0160E U\u010cENICE I U\u010cENICI GRADSKI PRVACI U MALOM NOGOMETU","datePublished":"2024-03-07T12:00:00+00:00","dateModified":"2024-03-08T07:11:35+00:00","mainEntityOfPage":{"@id":"https:\/\/www.msshkg.com.ba\/index.php\/2024\/03\/07\/nase-ucenice-i-ucenici-gradski-prvaci-u-malom-nogometu\/"},"wordCount":60,"commentCount":0,"publisher":{"@id":"https:\/\/www.msshkg.com.ba\/#organization"},"image":{"@id":"https:\/\/www.msshkg.com.ba\/index.php\/2024\/03\/07\/nase-ucenice-i-ucenici-gradski-prvaci-u-malom-nogometu\/#primaryimage"},"thumbnailUrl":"https:\/\/www.msshkg.com.ba\/wp-content\/uploads\/2024\/03\/OTSSl-e1709881819953.jpg","articleSection":["Naslovnica"],"inLanguage":"bs-BA","potentialAction":[{"@type":"CommentAction","name":"Comment","target":["https:\/\/www.msshkg.com.ba\/index.php\/2024\/03\/07\/nase-ucenice-i-ucenici-gradski-prvaci-u-malom-nogometu\/#respond"]}]},{"@type":"WebPage","@id":"https:\/\/www.msshkg.com.ba\/index.php\/2024\/03\/07\/nase-ucenice-i-ucenici-gradski-prvaci-u-malom-nogometu\/","url":"https:\/\/www.msshkg.com.ba\/index.php\/2024\/03\/07\/nase-ucenice-i-ucenici-gradski-prvaci-u-malom-nogometu\/","name":"NA\u0160E U\u010cENICE I U\u010cENICI GRADSKI PRVACI U MALOM NOGOMETU - Mje\u0161ovita srednja \u0161kola &quot;Hasan Kiki\u0107&quot; Grada\u010dac","isPartOf":{"@id":"https:\/\/www.msshkg.com.ba\/#website"},"primaryImageOfPage":{"@id":"https:\/\/www.msshkg.com.ba\/index.php\/2024\/03\/07\/nase-ucenice-i-ucenici-gradski-prvaci-u-malom-nogometu\/#primaryimage"},"image":{"@id":"https:\/\/www.msshkg.com.ba\/index.php\/2024\/03\/07\/nase-ucenice-i-ucenici-gradski-prvaci-u-malom-nogometu\/#primaryimage"},"thumbnailUrl":"https:\/\/www.msshkg.com.ba\/wp-content\/uploads\/2024\/03\/OTSSl-e1709881819953.jpg","datePublished":"2024-03-07T12:00:00+00:00","dateModified":"2024-03-08T07:11:35+00:00","breadcrumb":{"@id":"https:\/\/www.msshkg.com.ba\/index.php\/2024\/03\/07\/nase-ucenice-i-ucenici-gradski-prvaci-u-malom-nogometu\/#breadcrumb"},"inLanguage":"bs-BA","potentialAction":[{"@type":"ReadAction","target":["https:\/\/www.msshkg.com.ba\/index.php\/2024\/03\/07\/nase-ucenice-i-ucenici-gradski-prvaci-u-malom-nogometu\/"]}]},{"@type":"ImageObject","inLanguage":"bs-BA","@id":"https:\/\/www.msshkg.com.ba\/index.php\/2024\/03\/07\/nase-ucenice-i-ucenici-gradski-prvaci-u-malom-nogometu\/#primaryimage","url":"https:\/\/www.msshkg.com.ba\/wp-content\/uploads\/2024\/03\/OTSSl-e1709881819953.jpg","contentUrl":"https:\/\/www.msshkg.com.ba\/wp-content\/uploads\/2024\/03\/OTSSl-e1709881819953.jpg","width":255,"height":191},{"@type":"BreadcrumbList","@id":"https:\/\/www.msshkg.com.ba\/index.php\/2024\/03\/07\/nase-ucenice-i-ucenici-gradski-prvaci-u-malom-nogometu\/#breadcrumb","itemListElement":[{"@type":"ListItem","position":1,"name":"Home","item":"https:\/\/www.msshkg.com.ba\/"},{"@type":"ListItem","position":2,"name":"NA\u0160E U\u010cENICE I U\u010cENICI GRADSKI PRVACI U MALOM NOGOMETU"}]},{"@type":"WebSite","@id":"https:\/\/www.msshkg.com.ba\/#website","url":"https:\/\/www.msshkg.com.ba\/","name":"Mje\u0161ovita srednja \u0161kola &quot;Hasan Kiki\u0107&quot; Grada\u010dac","description":"","publisher":{"@id":"https:\/\/www.msshkg.com.ba\/#organization"},"potentialAction":[{"@type":"SearchAction","target":{"@type":"EntryPoint","urlTemplate":"https:\/\/www.msshkg.com.ba\/?s={search_term_string}"},"query-input":{"@type":"PropertyValueSpecification","valueRequired":true,"valueName":"search_term_string"}}],"inLanguage":"bs-BA"},{"@type":"Organization","@id":"https:\/\/www.msshkg.com.ba\/#organization","name":"Mje\u0161ovita srednja \u0161kola &quot;Hasan Kiki\u0107&quot; Grada\u010dac","url":"https:\/\/www.msshkg.com.ba\/","logo":{"@type":"ImageObject","inLanguage":"bs-BA","@id":"https:\/\/www.msshkg.com.ba\/#\/schema\/logo\/image\/","url":"https:\/\/www.msshkg.com.ba\/wp-content\/uploads\/2022\/01\/LogoWeb2.jpg","contentUrl":"https:\/\/www.msshkg.com.ba\/wp-content\/uploads\/2022\/01\/LogoWeb2.jpg","width":150,"height":150,"caption":"Mje\u0161ovita srednja \u0161kola &quot;Hasan Kiki\u0107&quot; Grada\u010dac"},"image":{"@id":"https:\/\/www.msshkg.com.ba\/#\/schema\/logo\/image\/"}},{"@type":"Person","@id":"https:\/\/www.msshkg.com.ba\/#\/schema\/person\/3122c1c496e5835573e6c75c805130f5","name":"Samir Mujdzic","image":{"@type":"ImageObject","inLanguage":"bs-BA","@id":"https:\/\/www.msshkg.com.ba\/#\/schema\/person\/image\/","url":"https:\/\/secure.gravatar.com\/avatar\/ba7bd829c959fc2571729de7fcc679ab2b1e4403a1e9afc53e0914dee72df5d4?s=96&d=mm&r=g","contentUrl":"https:\/\/secure.gravatar.com\/avatar\/ba7bd829c959fc2571729de7fcc679ab2b1e4403a1e9afc53e0914dee72df5d4?s=96&d=mm&r=g","caption":"Samir Mujdzic"},"sameAs":["https:\/\/www.msshkg.com.ba"],"url":"https:\/\/www.msshkg.com.ba\/index.php\/author\/samir\/"}]}},"_links":{"self":[{"href":"https:\/\/www.msshkg.com.ba\/index.php\/wp-json\/wp\/v2\/posts\/1504","targetHints":{"allow":["GET"]}}],"collection":[{"href":"https:\/\/www.msshkg.com.ba\/index.php\/wp-json\/wp\/v2\/posts"}],"about":[{"href":"https:\/\/www.msshkg.com.ba\/index.php\/wp-json\/wp\/v2\/types\/post"}],"author":[{"embeddable":true,"href":"https:\/\/www.msshkg.com.ba\/index.php\/wp-json\/wp\/v2\/users\/1"}],"replies":[{"embeddable":true,"href":"https:\/\/www.msshkg.com.ba\/index.php\/wp-json\/wp\/v2\/comments?post=1504"}],"version-history":[{"count":2,"href":"https:\/\/www.msshkg.com.ba\/index.php\/wp-json\/wp\/v2\/posts\/1504\/revisions"}],"predecessor-version":[{"id":1507,"href":"https:\/\/www.msshkg.com.ba\/index.php\/wp-json\/wp\/v2\/posts\/1504\/revisions\/1507"}],"wp:featuredmedia":[{"embeddable":true,"href":"https:\/\/www.msshkg.com.ba\/index.php\/wp-json\/wp\/v2\/media\/1505"}],"wp:attachment":[{"href":"https:\/\/www.msshkg.com.ba\/index.php\/wp-json\/wp\/v2\/media?parent=1504"}],"wp:term":[{"taxonomy":"category","embeddable":true,"href":"https:\/\/www.msshkg.com.ba\/index.php\/wp-json\/wp\/v2\/categories?post=1504"},{"taxonomy":"post_tag","embeddable":true,"href":"https:\/\/www.msshkg.com.ba\/index.php\/wp-json\/wp\/v2\/tags?post=1504"}],"curies":[{"name":"wp","href":"https:\/\/api.w.org\/{rel}","templated":true}]}}