{"id":1490,"date":"2024-03-06T12:00:00","date_gmt":"2024-03-06T11:00:00","guid":{"rendered":"https:\/\/www.msshkg.com.ba\/?p=1490"},"modified":"2024-03-08T07:46:10","modified_gmt":"2024-03-08T06:46:10","slug":"gradsko-takmicenje-iz-islamske-vjeronauke","status":"publish","type":"post","link":"https:\/\/www.msshkg.com.ba\/index.php\/2024\/03\/06\/gradsko-takmicenje-iz-islamske-vjeronauke\/","title":{"rendered":"GRADSKO TAKMI\u010cENJE IZ ISLAMSKE VJERONAUKE"},"content":{"rendered":"\n<p>Dana 6. marta 2024. godine odr\u017eano je Gradsko takmi\u010denje iz Islamske vjeronauke u prostorijama na\u0161e \u0161kole. Na\u0161i predstavnici su bili u\u010denici: Azra \u0160aki\u0107, Lejla Halilkovi\u0107 i Ramiz Vili\u0107. Drugo mjesto je osvojila \u0160aki\u0107 Azra, a tre\u0107e Halilkovi\u0107 Lejla.<\/p>\n\n\n\n<p>Prvo mjesto je osvojila u\u010denica JU Gimnazije &#8220;Mustafa Novali\u0107&#8221; Grada\u010dac, Kavazovi\u0107 Emira. \u010cestitamo Emiri na <a><\/a>plasmanu i \u017eelimo mnogo uspjeha na Regionalnom takmi\u010denju. Diplome kao i nagrade koje je dodijelio Med\u017elis IZ-e Grada\u010dac dodijelili su direktori na\u0161ih \u0161kola Mirsad Djedovi\u0107 i Zijad Mahmutovi\u0107.<\/p>\n\n\n\n<figure class=\"wp-block-gallery has-nested-images columns-default is-cropped wp-block-gallery-1 is-layout-flex wp-block-gallery-is-layout-flex\">\n<figure class=\"wp-block-image size-large\"><a href=\"https:\/\/www.msshkg.com.ba\/wp-content\/uploads\/2024\/03\/OTIVSl1.jpg\" target=\"_blank\" rel=\"noreferrer noopener\"><img loading=\"lazy\" decoding=\"async\" width=\"768\" height=\"1024\" data-id=\"1492\" src=\"https:\/\/www.msshkg.com.ba\/wp-content\/uploads\/2024\/03\/OTIVSl1-768x1024.jpg\" alt=\"\" class=\"wp-image-1492\"\/><\/a><\/figure>\n\n\n\n<figure class=\"wp-block-image size-large\"><a href=\"https:\/\/www.msshkg.com.ba\/wp-content\/uploads\/2024\/03\/OTIVSl3.jpg\" target=\"_blank\" rel=\"noreferrer noopener\"><img loading=\"lazy\" decoding=\"async\" width=\"768\" height=\"1024\" data-id=\"1491\" src=\"https:\/\/www.msshkg.com.ba\/wp-content\/uploads\/2024\/03\/OTIVSl3-768x1024.jpg\" alt=\"\" class=\"wp-image-1491\" srcset=\"https:\/\/www.msshkg.com.ba\/wp-content\/uploads\/2024\/03\/OTIVSl3-768x1024.jpg 768w, https:\/\/www.msshkg.com.ba\/wp-content\/uploads\/2024\/03\/OTIVSl3-225x300.jpg 225w, https:\/\/www.msshkg.com.ba\/wp-content\/uploads\/2024\/03\/OTIVSl3-1152x1536.jpg 1152w, https:\/\/www.msshkg.com.ba\/wp-content\/uploads\/2024\/03\/OTIVSl3.jpg 1200w\" sizes=\"auto, (max-width: 768px) 100vw, 768px\" \/><\/a><\/figure>\n\n\n\n<figure class=\"wp-block-image size-large\"><a href=\"https:\/\/www.msshkg.com.ba\/wp-content\/uploads\/2024\/03\/OTIVSl2.jpg\" target=\"_blank\" rel=\"noreferrer noopener\"><img loading=\"lazy\" decoding=\"async\" width=\"768\" height=\"1024\" data-id=\"1493\" src=\"https:\/\/www.msshkg.com.ba\/wp-content\/uploads\/2024\/03\/OTIVSl2-768x1024.jpg\" alt=\"\" class=\"wp-image-1493\" srcset=\"https:\/\/www.msshkg.com.ba\/wp-content\/uploads\/2024\/03\/OTIVSl2-768x1024.jpg 768w, https:\/\/www.msshkg.com.ba\/wp-content\/uploads\/2024\/03\/OTIVSl2-225x300.jpg 225w, https:\/\/www.msshkg.com.ba\/wp-content\/uploads\/2024\/03\/OTIVSl2-1152x1536.jpg 1152w, https:\/\/www.msshkg.com.ba\/wp-content\/uploads\/2024\/03\/OTIVSl2.jpg 1200w\" sizes=\"auto, (max-width: 768px) 100vw, 768px\" \/><\/a><\/figure>\n<\/figure>\n<div style=\"margin-top: 0px; margin-bottom: 0px;\" class=\"sharethis-inline-share-buttons\" ><\/div>","protected":false},"excerpt":{"rendered":"<p>Dana 6. marta 2024. godine odr\u017eano je Gradsko takmi\u010denje iz Islamske vjeronauke u prostorijama na\u0161e \u0161kole. Na\u0161i predstavnici su bili u\u010denici: Azra \u0160aki\u0107, Lejla Halilkovi\u0107 i Ramiz Vili\u0107. Drugo mjesto je osvojila \u0160aki\u0107 Azra, a tre\u0107e Halilkovi\u0107 Lejla. Prvo mjesto je osvojila u\u010denica JU Gimnazije &#8220;Mustafa Novali\u0107&#8221; Grada\u010dac, Kavazovi\u0107 Emira. \u010cestitamo Emiri na plasmanu i [&hellip;]<\/p>\n","protected":false},"author":1,"featured_media":1492,"comment_status":"open","ping_status":"open","sticky":false,"template":"","format":"standard","meta":{"_bbp_topic_count":0,"_bbp_reply_count":0,"_bbp_total_topic_count":0,"_bbp_total_reply_count":0,"_bbp_voice_count":0,"_bbp_anonymous_reply_count":0,"_bbp_topic_count_hidden":0,"_bbp_reply_count_hidden":0,"_bbp_forum_subforum_count":0,"footnotes":""},"categories":[3],"tags":[],"class_list":["post-1490","post","type-post","status-publish","format-standard","has-post-thumbnail","hentry","category-naslovnica"],"yoast_head":"<!-- This site is optimized with the Yoast SEO plugin v26.0 - https:\/\/yoast.com\/wordpress\/plugins\/seo\/ -->\n<title>GRADSKO TAKMI\u010cENJE IZ ISLAMSKE VJERONAUKE - Mje\u0161ovita srednja \u0161kola &quot;Hasan Kiki\u0107&quot; Grada\u010dac<\/title>\n<meta name=\"robots\" content=\"index, follow, max-snippet:-1, max-image-preview:large, max-video-preview:-1\" \/>\n<link rel=\"canonical\" href=\"https:\/\/www.msshkg.com.ba\/index.php\/2024\/03\/06\/gradsko-takmicenje-iz-islamske-vjeronauke\/\" \/>\n<meta property=\"og:locale\" content=\"bs_BA\" \/>\n<meta property=\"og:type\" content=\"article\" \/>\n<meta property=\"og:title\" content=\"GRADSKO TAKMI\u010cENJE IZ ISLAMSKE VJERONAUKE - Mje\u0161ovita srednja \u0161kola &quot;Hasan Kiki\u0107&quot; Grada\u010dac\" \/>\n<meta property=\"og:description\" content=\"Dana 6. marta 2024. godine odr\u017eano je Gradsko takmi\u010denje iz Islamske vjeronauke u prostorijama na\u0161e \u0161kole. Na\u0161i predstavnici su bili u\u010denici: Azra \u0160aki\u0107, Lejla Halilkovi\u0107 i Ramiz Vili\u0107. Drugo mjesto je osvojila \u0160aki\u0107 Azra, a tre\u0107e Halilkovi\u0107 Lejla. Prvo mjesto je osvojila u\u010denica JU Gimnazije &#8220;Mustafa Novali\u0107&#8221; Grada\u010dac, Kavazovi\u0107 Emira. \u010cestitamo Emiri na plasmanu i [&hellip;]\" \/>\n<meta property=\"og:url\" content=\"https:\/\/www.msshkg.com.ba\/index.php\/2024\/03\/06\/gradsko-takmicenje-iz-islamske-vjeronauke\/\" \/>\n<meta property=\"og:site_name\" content=\"Mje\u0161ovita srednja \u0161kola &quot;Hasan Kiki\u0107&quot; Grada\u010dac\" \/>\n<meta property=\"article:published_time\" content=\"2024-03-06T11:00:00+00:00\" \/>\n<meta property=\"article:modified_time\" content=\"2024-03-08T06:46:10+00:00\" \/>\n<meta property=\"og:image\" content=\"https:\/\/www.msshkg.com.ba\/wp-content\/uploads\/2024\/03\/OTIVSl1-e1709879553746.jpg\" \/>\n\t<meta property=\"og:image:width\" content=\"191\" \/>\n\t<meta property=\"og:image:height\" content=\"255\" \/>\n\t<meta property=\"og:image:type\" content=\"image\/jpeg\" \/>\n<meta name=\"author\" content=\"Samir Mujdzic\" \/>\n<meta name=\"twitter:card\" content=\"summary_large_image\" \/>\n<meta name=\"twitter:label1\" content=\"Written by\" \/>\n\t<meta name=\"twitter:data1\" content=\"Samir Mujdzic\" \/>\n\t<meta name=\"twitter:label2\" content=\"Est. reading time\" \/>\n\t<meta name=\"twitter:data2\" content=\"2 minute\" \/>\n<script type=\"application\/ld+json\" class=\"yoast-schema-graph\">{\"@context\":\"https:\/\/schema.org\",\"@graph\":[{\"@type\":\"Article\",\"@id\":\"https:\/\/www.msshkg.com.ba\/index.php\/2024\/03\/06\/gradsko-takmicenje-iz-islamske-vjeronauke\/#article\",\"isPartOf\":{\"@id\":\"https:\/\/www.msshkg.com.ba\/index.php\/2024\/03\/06\/gradsko-takmicenje-iz-islamske-vjeronauke\/\"},\"author\":{\"name\":\"Samir Mujdzic\",\"@id\":\"https:\/\/www.msshkg.com.ba\/#\/schema\/person\/3122c1c496e5835573e6c75c805130f5\"},\"headline\":\"GRADSKO TAKMI\u010cENJE IZ ISLAMSKE VJERONAUKE\",\"datePublished\":\"2024-03-06T11:00:00+00:00\",\"dateModified\":\"2024-03-08T06:46:10+00:00\",\"mainEntityOfPage\":{\"@id\":\"https:\/\/www.msshkg.com.ba\/index.php\/2024\/03\/06\/gradsko-takmicenje-iz-islamske-vjeronauke\/\"},\"wordCount\":97,\"commentCount\":0,\"publisher\":{\"@id\":\"https:\/\/www.msshkg.com.ba\/#organization\"},\"image\":{\"@id\":\"https:\/\/www.msshkg.com.ba\/index.php\/2024\/03\/06\/gradsko-takmicenje-iz-islamske-vjeronauke\/#primaryimage\"},\"thumbnailUrl\":\"https:\/\/www.msshkg.com.ba\/wp-content\/uploads\/2024\/03\/OTIVSl1-e1709879553746.jpg\",\"articleSection\":[\"Naslovnica\"],\"inLanguage\":\"bs-BA\",\"potentialAction\":[{\"@type\":\"CommentAction\",\"name\":\"Comment\",\"target\":[\"https:\/\/www.msshkg.com.ba\/index.php\/2024\/03\/06\/gradsko-takmicenje-iz-islamske-vjeronauke\/#respond\"]}]},{\"@type\":\"WebPage\",\"@id\":\"https:\/\/www.msshkg.com.ba\/index.php\/2024\/03\/06\/gradsko-takmicenje-iz-islamske-vjeronauke\/\",\"url\":\"https:\/\/www.msshkg.com.ba\/index.php\/2024\/03\/06\/gradsko-takmicenje-iz-islamske-vjeronauke\/\",\"name\":\"GRADSKO TAKMI\u010cENJE IZ ISLAMSKE VJERONAUKE - Mje\u0161ovita srednja \u0161kola &quot;Hasan Kiki\u0107&quot; Grada\u010dac\",\"isPartOf\":{\"@id\":\"https:\/\/www.msshkg.com.ba\/#website\"},\"primaryImageOfPage\":{\"@id\":\"https:\/\/www.msshkg.com.ba\/index.php\/2024\/03\/06\/gradsko-takmicenje-iz-islamske-vjeronauke\/#primaryimage\"},\"image\":{\"@id\":\"https:\/\/www.msshkg.com.ba\/index.php\/2024\/03\/06\/gradsko-takmicenje-iz-islamske-vjeronauke\/#primaryimage\"},\"thumbnailUrl\":\"https:\/\/www.msshkg.com.ba\/wp-content\/uploads\/2024\/03\/OTIVSl1-e1709879553746.jpg\",\"datePublished\":\"2024-03-06T11:00:00+00:00\",\"dateModified\":\"2024-03-08T06:46:10+00:00\",\"breadcrumb\":{\"@id\":\"https:\/\/www.msshkg.com.ba\/index.php\/2024\/03\/06\/gradsko-takmicenje-iz-islamske-vjeronauke\/#breadcrumb\"},\"inLanguage\":\"bs-BA\",\"potentialAction\":[{\"@type\":\"ReadAction\",\"target\":[\"https:\/\/www.msshkg.com.ba\/index.php\/2024\/03\/06\/gradsko-takmicenje-iz-islamske-vjeronauke\/\"]}]},{\"@type\":\"ImageObject\",\"inLanguage\":\"bs-BA\",\"@id\":\"https:\/\/www.msshkg.com.ba\/index.php\/2024\/03\/06\/gradsko-takmicenje-iz-islamske-vjeronauke\/#primaryimage\",\"url\":\"https:\/\/www.msshkg.com.ba\/wp-content\/uploads\/2024\/03\/OTIVSl1-e1709879553746.jpg\",\"contentUrl\":\"https:\/\/www.msshkg.com.ba\/wp-content\/uploads\/2024\/03\/OTIVSl1-e1709879553746.jpg\",\"width\":191,\"height\":255},{\"@type\":\"BreadcrumbList\",\"@id\":\"https:\/\/www.msshkg.com.ba\/index.php\/2024\/03\/06\/gradsko-takmicenje-iz-islamske-vjeronauke\/#breadcrumb\",\"itemListElement\":[{\"@type\":\"ListItem\",\"position\":1,\"name\":\"Home\",\"item\":\"https:\/\/www.msshkg.com.ba\/\"},{\"@type\":\"ListItem\",\"position\":2,\"name\":\"GRADSKO TAKMI\u010cENJE IZ ISLAMSKE VJERONAUKE\"}]},{\"@type\":\"WebSite\",\"@id\":\"https:\/\/www.msshkg.com.ba\/#website\",\"url\":\"https:\/\/www.msshkg.com.ba\/\",\"name\":\"Mje\u0161ovita srednja \u0161kola &quot;Hasan Kiki\u0107&quot; Grada\u010dac\",\"description\":\"\",\"publisher\":{\"@id\":\"https:\/\/www.msshkg.com.ba\/#organization\"},\"potentialAction\":[{\"@type\":\"SearchAction\",\"target\":{\"@type\":\"EntryPoint\",\"urlTemplate\":\"https:\/\/www.msshkg.com.ba\/?s={search_term_string}\"},\"query-input\":{\"@type\":\"PropertyValueSpecification\",\"valueRequired\":true,\"valueName\":\"search_term_string\"}}],\"inLanguage\":\"bs-BA\"},{\"@type\":\"Organization\",\"@id\":\"https:\/\/www.msshkg.com.ba\/#organization\",\"name\":\"Mje\u0161ovita srednja \u0161kola &quot;Hasan Kiki\u0107&quot; Grada\u010dac\",\"url\":\"https:\/\/www.msshkg.com.ba\/\",\"logo\":{\"@type\":\"ImageObject\",\"inLanguage\":\"bs-BA\",\"@id\":\"https:\/\/www.msshkg.com.ba\/#\/schema\/logo\/image\/\",\"url\":\"https:\/\/www.msshkg.com.ba\/wp-content\/uploads\/2022\/01\/LogoWeb2.jpg\",\"contentUrl\":\"https:\/\/www.msshkg.com.ba\/wp-content\/uploads\/2022\/01\/LogoWeb2.jpg\",\"width\":150,\"height\":150,\"caption\":\"Mje\u0161ovita srednja \u0161kola &quot;Hasan Kiki\u0107&quot; Grada\u010dac\"},\"image\":{\"@id\":\"https:\/\/www.msshkg.com.ba\/#\/schema\/logo\/image\/\"}},{\"@type\":\"Person\",\"@id\":\"https:\/\/www.msshkg.com.ba\/#\/schema\/person\/3122c1c496e5835573e6c75c805130f5\",\"name\":\"Samir Mujdzic\",\"image\":{\"@type\":\"ImageObject\",\"inLanguage\":\"bs-BA\",\"@id\":\"https:\/\/www.msshkg.com.ba\/#\/schema\/person\/image\/\",\"url\":\"https:\/\/secure.gravatar.com\/avatar\/ba7bd829c959fc2571729de7fcc679ab2b1e4403a1e9afc53e0914dee72df5d4?s=96&d=mm&r=g\",\"contentUrl\":\"https:\/\/secure.gravatar.com\/avatar\/ba7bd829c959fc2571729de7fcc679ab2b1e4403a1e9afc53e0914dee72df5d4?s=96&d=mm&r=g\",\"caption\":\"Samir Mujdzic\"},\"sameAs\":[\"https:\/\/www.msshkg.com.ba\"],\"url\":\"https:\/\/www.msshkg.com.ba\/index.php\/author\/samir\/\"}]}<\/script>\n<!-- \/ Yoast SEO plugin. -->","yoast_head_json":{"title":"GRADSKO TAKMI\u010cENJE IZ ISLAMSKE VJERONAUKE - Mje\u0161ovita srednja \u0161kola &quot;Hasan Kiki\u0107&quot; Grada\u010dac","robots":{"index":"index","follow":"follow","max-snippet":"max-snippet:-1","max-image-preview":"max-image-preview:large","max-video-preview":"max-video-preview:-1"},"canonical":"https:\/\/www.msshkg.com.ba\/index.php\/2024\/03\/06\/gradsko-takmicenje-iz-islamske-vjeronauke\/","og_locale":"bs_BA","og_type":"article","og_title":"GRADSKO TAKMI\u010cENJE IZ ISLAMSKE VJERONAUKE - Mje\u0161ovita srednja \u0161kola &quot;Hasan Kiki\u0107&quot; Grada\u010dac","og_description":"Dana 6. marta 2024. godine odr\u017eano je Gradsko takmi\u010denje iz Islamske vjeronauke u prostorijama na\u0161e \u0161kole. Na\u0161i predstavnici su bili u\u010denici: Azra \u0160aki\u0107, Lejla Halilkovi\u0107 i Ramiz Vili\u0107. Drugo mjesto je osvojila \u0160aki\u0107 Azra, a tre\u0107e Halilkovi\u0107 Lejla. Prvo mjesto je osvojila u\u010denica JU Gimnazije &#8220;Mustafa Novali\u0107&#8221; Grada\u010dac, Kavazovi\u0107 Emira. \u010cestitamo Emiri na plasmanu i [&hellip;]","og_url":"https:\/\/www.msshkg.com.ba\/index.php\/2024\/03\/06\/gradsko-takmicenje-iz-islamske-vjeronauke\/","og_site_name":"Mje\u0161ovita srednja \u0161kola &quot;Hasan Kiki\u0107&quot; Grada\u010dac","article_published_time":"2024-03-06T11:00:00+00:00","article_modified_time":"2024-03-08T06:46:10+00:00","og_image":[{"width":191,"height":255,"url":"https:\/\/www.msshkg.com.ba\/wp-content\/uploads\/2024\/03\/OTIVSl1-e1709879553746.jpg","type":"image\/jpeg"}],"author":"Samir Mujdzic","twitter_card":"summary_large_image","twitter_misc":{"Written by":"Samir Mujdzic","Est. reading time":"2 minute"},"schema":{"@context":"https:\/\/schema.org","@graph":[{"@type":"Article","@id":"https:\/\/www.msshkg.com.ba\/index.php\/2024\/03\/06\/gradsko-takmicenje-iz-islamske-vjeronauke\/#article","isPartOf":{"@id":"https:\/\/www.msshkg.com.ba\/index.php\/2024\/03\/06\/gradsko-takmicenje-iz-islamske-vjeronauke\/"},"author":{"name":"Samir Mujdzic","@id":"https:\/\/www.msshkg.com.ba\/#\/schema\/person\/3122c1c496e5835573e6c75c805130f5"},"headline":"GRADSKO TAKMI\u010cENJE IZ ISLAMSKE VJERONAUKE","datePublished":"2024-03-06T11:00:00+00:00","dateModified":"2024-03-08T06:46:10+00:00","mainEntityOfPage":{"@id":"https:\/\/www.msshkg.com.ba\/index.php\/2024\/03\/06\/gradsko-takmicenje-iz-islamske-vjeronauke\/"},"wordCount":97,"commentCount":0,"publisher":{"@id":"https:\/\/www.msshkg.com.ba\/#organization"},"image":{"@id":"https:\/\/www.msshkg.com.ba\/index.php\/2024\/03\/06\/gradsko-takmicenje-iz-islamske-vjeronauke\/#primaryimage"},"thumbnailUrl":"https:\/\/www.msshkg.com.ba\/wp-content\/uploads\/2024\/03\/OTIVSl1-e1709879553746.jpg","articleSection":["Naslovnica"],"inLanguage":"bs-BA","potentialAction":[{"@type":"CommentAction","name":"Comment","target":["https:\/\/www.msshkg.com.ba\/index.php\/2024\/03\/06\/gradsko-takmicenje-iz-islamske-vjeronauke\/#respond"]}]},{"@type":"WebPage","@id":"https:\/\/www.msshkg.com.ba\/index.php\/2024\/03\/06\/gradsko-takmicenje-iz-islamske-vjeronauke\/","url":"https:\/\/www.msshkg.com.ba\/index.php\/2024\/03\/06\/gradsko-takmicenje-iz-islamske-vjeronauke\/","name":"GRADSKO TAKMI\u010cENJE IZ ISLAMSKE VJERONAUKE - Mje\u0161ovita srednja \u0161kola &quot;Hasan Kiki\u0107&quot; Grada\u010dac","isPartOf":{"@id":"https:\/\/www.msshkg.com.ba\/#website"},"primaryImageOfPage":{"@id":"https:\/\/www.msshkg.com.ba\/index.php\/2024\/03\/06\/gradsko-takmicenje-iz-islamske-vjeronauke\/#primaryimage"},"image":{"@id":"https:\/\/www.msshkg.com.ba\/index.php\/2024\/03\/06\/gradsko-takmicenje-iz-islamske-vjeronauke\/#primaryimage"},"thumbnailUrl":"https:\/\/www.msshkg.com.ba\/wp-content\/uploads\/2024\/03\/OTIVSl1-e1709879553746.jpg","datePublished":"2024-03-06T11:00:00+00:00","dateModified":"2024-03-08T06:46:10+00:00","breadcrumb":{"@id":"https:\/\/www.msshkg.com.ba\/index.php\/2024\/03\/06\/gradsko-takmicenje-iz-islamske-vjeronauke\/#breadcrumb"},"inLanguage":"bs-BA","potentialAction":[{"@type":"ReadAction","target":["https:\/\/www.msshkg.com.ba\/index.php\/2024\/03\/06\/gradsko-takmicenje-iz-islamske-vjeronauke\/"]}]},{"@type":"ImageObject","inLanguage":"bs-BA","@id":"https:\/\/www.msshkg.com.ba\/index.php\/2024\/03\/06\/gradsko-takmicenje-iz-islamske-vjeronauke\/#primaryimage","url":"https:\/\/www.msshkg.com.ba\/wp-content\/uploads\/2024\/03\/OTIVSl1-e1709879553746.jpg","contentUrl":"https:\/\/www.msshkg.com.ba\/wp-content\/uploads\/2024\/03\/OTIVSl1-e1709879553746.jpg","width":191,"height":255},{"@type":"BreadcrumbList","@id":"https:\/\/www.msshkg.com.ba\/index.php\/2024\/03\/06\/gradsko-takmicenje-iz-islamske-vjeronauke\/#breadcrumb","itemListElement":[{"@type":"ListItem","position":1,"name":"Home","item":"https:\/\/www.msshkg.com.ba\/"},{"@type":"ListItem","position":2,"name":"GRADSKO TAKMI\u010cENJE IZ ISLAMSKE VJERONAUKE"}]},{"@type":"WebSite","@id":"https:\/\/www.msshkg.com.ba\/#website","url":"https:\/\/www.msshkg.com.ba\/","name":"Mje\u0161ovita srednja \u0161kola &quot;Hasan Kiki\u0107&quot; Grada\u010dac","description":"","publisher":{"@id":"https:\/\/www.msshkg.com.ba\/#organization"},"potentialAction":[{"@type":"SearchAction","target":{"@type":"EntryPoint","urlTemplate":"https:\/\/www.msshkg.com.ba\/?s={search_term_string}"},"query-input":{"@type":"PropertyValueSpecification","valueRequired":true,"valueName":"search_term_string"}}],"inLanguage":"bs-BA"},{"@type":"Organization","@id":"https:\/\/www.msshkg.com.ba\/#organization","name":"Mje\u0161ovita srednja \u0161kola &quot;Hasan Kiki\u0107&quot; Grada\u010dac","url":"https:\/\/www.msshkg.com.ba\/","logo":{"@type":"ImageObject","inLanguage":"bs-BA","@id":"https:\/\/www.msshkg.com.ba\/#\/schema\/logo\/image\/","url":"https:\/\/www.msshkg.com.ba\/wp-content\/uploads\/2022\/01\/LogoWeb2.jpg","contentUrl":"https:\/\/www.msshkg.com.ba\/wp-content\/uploads\/2022\/01\/LogoWeb2.jpg","width":150,"height":150,"caption":"Mje\u0161ovita srednja \u0161kola &quot;Hasan Kiki\u0107&quot; Grada\u010dac"},"image":{"@id":"https:\/\/www.msshkg.com.ba\/#\/schema\/logo\/image\/"}},{"@type":"Person","@id":"https:\/\/www.msshkg.com.ba\/#\/schema\/person\/3122c1c496e5835573e6c75c805130f5","name":"Samir Mujdzic","image":{"@type":"ImageObject","inLanguage":"bs-BA","@id":"https:\/\/www.msshkg.com.ba\/#\/schema\/person\/image\/","url":"https:\/\/secure.gravatar.com\/avatar\/ba7bd829c959fc2571729de7fcc679ab2b1e4403a1e9afc53e0914dee72df5d4?s=96&d=mm&r=g","contentUrl":"https:\/\/secure.gravatar.com\/avatar\/ba7bd829c959fc2571729de7fcc679ab2b1e4403a1e9afc53e0914dee72df5d4?s=96&d=mm&r=g","caption":"Samir Mujdzic"},"sameAs":["https:\/\/www.msshkg.com.ba"],"url":"https:\/\/www.msshkg.com.ba\/index.php\/author\/samir\/"}]}},"_links":{"self":[{"href":"https:\/\/www.msshkg.com.ba\/index.php\/wp-json\/wp\/v2\/posts\/1490","targetHints":{"allow":["GET"]}}],"collection":[{"href":"https:\/\/www.msshkg.com.ba\/index.php\/wp-json\/wp\/v2\/posts"}],"about":[{"href":"https:\/\/www.msshkg.com.ba\/index.php\/wp-json\/wp\/v2\/types\/post"}],"author":[{"embeddable":true,"href":"https:\/\/www.msshkg.com.ba\/index.php\/wp-json\/wp\/v2\/users\/1"}],"replies":[{"embeddable":true,"href":"https:\/\/www.msshkg.com.ba\/index.php\/wp-json\/wp\/v2\/comments?post=1490"}],"version-history":[{"count":3,"href":"https:\/\/www.msshkg.com.ba\/index.php\/wp-json\/wp\/v2\/posts\/1490\/revisions"}],"predecessor-version":[{"id":1503,"href":"https:\/\/www.msshkg.com.ba\/index.php\/wp-json\/wp\/v2\/posts\/1490\/revisions\/1503"}],"wp:featuredmedia":[{"embeddable":true,"href":"https:\/\/www.msshkg.com.ba\/index.php\/wp-json\/wp\/v2\/media\/1492"}],"wp:attachment":[{"href":"https:\/\/www.msshkg.com.ba\/index.php\/wp-json\/wp\/v2\/media?parent=1490"}],"wp:term":[{"taxonomy":"category","embeddable":true,"href":"https:\/\/www.msshkg.com.ba\/index.php\/wp-json\/wp\/v2\/categories?post=1490"},{"taxonomy":"post_tag","embeddable":true,"href":"https:\/\/www.msshkg.com.ba\/index.php\/wp-json\/wp\/v2\/tags?post=1490"}],"curies":[{"name":"wp","href":"https:\/\/api.w.org\/{rel}","templated":true}]}}