{"id":1440,"date":"2024-01-05T11:00:00","date_gmt":"2024-01-05T10:00:00","guid":{"rendered":"https:\/\/www.msshkg.com.ba\/?p=1440"},"modified":"2024-01-10T13:11:00","modified_gmt":"2024-01-10T12:11:00","slug":"strucno-usavrsavanje-za-profesore-na-temu-nasilje-medju-djecom-u-skoli","status":"publish","type":"post","link":"https:\/\/www.msshkg.com.ba\/index.php\/2024\/01\/05\/strucno-usavrsavanje-za-profesore-na-temu-nasilje-medju-djecom-u-skoli\/","title":{"rendered":"STRU\u010cNO USAVR\u0160AVANJE ZA PROFESORE NA TEMU: &#8220;NASILJE ME\u0110U DJECOM U \u0160KOLI&#8221;"},"content":{"rendered":"\n<p>U petak, 05.01.2024. godine, u amfiteatru \u0161kole odr\u017eano je stru\u010dno usavr\u0161avanje za profesore na temu: &#8220;Nasilje me\u0111u djecom u \u0161koli&#8221;.<br>Predavanje su odr\u017eale pedagogice Maja Selimhod\u017ei\u0107 i Mubina Me\u0161i\u0107 i defektolog Selma Pekari\u0107 Kadi\u0107.<br>U dana\u0161njem svijetu, problem nasilja me\u0111u u\u010denicima postaje sve ozbiljniji i ra\u0161ireniji. Nasilje me\u0111u vr\u0161njacima, poznato i kao vr\u0161nja\u010dko nasilje, ima negativan uticaj na \u017eivote mnogih u\u010denika i stvara nepo\u017eeljno okru\u017eenje za u\u010denje i razvoj. Stoga je veoma va\u017eno svjesno raditi na spre\u010davanju nasilja me\u0111u u\u010denicima.<br>Jedan od klju\u010dnih razloga za spre\u010davanje nasilja me\u0111u u\u010denicima je fizi\u010dka i emocionalna dobrobit u\u010denika. Djeca koja su izlo\u017eena nasilju mogu patiti od fizi\u010dkih povreda, ali i od dugotrajnih emocionalnih trauma koje mogu ostaviti trajne posljedice. Takvo nasilje mo\u017ee dovesti do gubitka samopouzdanja, depresije, anksioznosti i drugih emocionalnih problema kod u\u010denika. Spre\u010davanje nasilja me\u0111u u\u010denicima stvara sigurno i podr\u017eavaju\u0107e okru\u017eenje u kome se djeca mogu osje\u0107ati sigurno, razvijati svoje talente i postizati uspjehe.<br>Prevencija nasilja me\u0111u u\u010denicima tako\u0111e ima va\u017ean zna\u010daj u stvaranju pozitivne \u0161kolske klime. Kada u\u010denici nisu izlo\u017eeni nasilju, atmosfera u \u0161koli postaje prijateljska, mirna i produktivna. Ovakvo okru\u017eenje podsti\u010de u\u010denike da se bolje fokusiraju na nastavu, aktivno u\u010de i efikasno komuniciraju sa svojim vr\u0161njacima. Kroz spre\u010davanje nasilja, u\u010denici mogu razviti i njegovati vje\u0161tine saradnje, empatije i po\u0161tovanja prema drugima. Ovo su socijalne vje\u0161tine koje su klju\u010dne za njihov razvoj kao individua, ali i za stvaranje harmoni\u010dnog dru\u0161tva u budu\u0107nosti.<br>Dodatno, spre\u010davanje nasilja me\u0111u u\u010denicima ima pozitivan uticaj i na rezultate u\u010denika u u\u010denju. Kada su djeca slobodna od nasilja, oni se bolje koncentri\u0161u na u\u010denje i posti\u017eu bolje rezultate. Osim toga, u\u010denici su motivisaniji da prisustvuju \u0161koli i u\u010de kada se osje\u0107aju bezbjedno i prihva\u0107eno od strane svojih vr\u0161njaka. Stoga, spre\u010davanje nasilja me\u0111u u\u010denicima mo\u017ee doprinijeti pobolj\u0161anju \u0161kolskog uspjeha i stvaranju okru\u017eenja u kome se u\u010denje cijeni i podsti\u010de.<br>Spre\u010davanje nasilja me\u0111u u\u010denicima je od vitalnog zna\u010daja za izgradnju zdravog, bezbjednog i produktivnog obrazovnog okru\u017eenja. Roditelji, nastavnici i \u010ditava zajednica treba da se ujedine i aktivno rade na promovisanju ove teme. Kampanje edukacije o nasilju, radionice o nenasilnoj komunikaciji i podr\u0161ka za \u017ertve nasilja trebaju biti sastavni dio borbe protiv vr\u0161nja\u010dkog nasilja. Samo kada svi zajedno prepoznamo i osudimo nasilje me\u0111u u\u010denicima, mo\u017eemo stvoriti sigurno i inspirativno okru\u017eenje u kojem \u0107e svi u\u010denici imati priliku da se razviju i napreduju bez straha ili prijetnji.<\/p>\n\n\n\n<figure class=\"wp-block-gallery has-nested-images columns-3 is-cropped wp-block-gallery-1 is-layout-flex wp-block-gallery-is-layout-flex\">\n<figure class=\"wp-block-image size-large\"><a href=\"https:\/\/www.msshkg.com.ba\/wp-content\/uploads\/2024\/01\/FB_IMG_1704477653150-1.jpg\"><img loading=\"lazy\" decoding=\"async\" width=\"1024\" height=\"768\" data-id=\"1442\" src=\"https:\/\/www.msshkg.com.ba\/wp-content\/uploads\/2024\/01\/FB_IMG_1704477653150-1-1024x768.jpg\" alt=\"\" class=\"wp-image-1442\" srcset=\"https:\/\/www.msshkg.com.ba\/wp-content\/uploads\/2024\/01\/FB_IMG_1704477653150-1-1024x768.jpg 1024w, https:\/\/www.msshkg.com.ba\/wp-content\/uploads\/2024\/01\/FB_IMG_1704477653150-1-300x225.jpg 300w, https:\/\/www.msshkg.com.ba\/wp-content\/uploads\/2024\/01\/FB_IMG_1704477653150-1-768x576.jpg 768w, https:\/\/www.msshkg.com.ba\/wp-content\/uploads\/2024\/01\/FB_IMG_1704477653150-1.jpg 1080w\" sizes=\"auto, (max-width: 1024px) 100vw, 1024px\" \/><\/a><\/figure>\n\n\n\n<figure class=\"wp-block-image size-large\"><a href=\"https:\/\/www.msshkg.com.ba\/wp-content\/uploads\/2024\/01\/FB_IMG_1704477660485.jpg\"><img loading=\"lazy\" decoding=\"async\" width=\"768\" height=\"1024\" data-id=\"1445\" src=\"https:\/\/www.msshkg.com.ba\/wp-content\/uploads\/2024\/01\/FB_IMG_1704477660485-768x1024.jpg\" alt=\"\" class=\"wp-image-1445\" srcset=\"https:\/\/www.msshkg.com.ba\/wp-content\/uploads\/2024\/01\/FB_IMG_1704477660485-768x1024.jpg 768w, https:\/\/www.msshkg.com.ba\/wp-content\/uploads\/2024\/01\/FB_IMG_1704477660485-225x300.jpg 225w, https:\/\/www.msshkg.com.ba\/wp-content\/uploads\/2024\/01\/FB_IMG_1704477660485.jpg 1080w\" sizes=\"auto, (max-width: 768px) 100vw, 768px\" \/><\/a><\/figure>\n\n\n\n<figure class=\"wp-block-image size-large\"><a href=\"https:\/\/www.msshkg.com.ba\/wp-content\/uploads\/2024\/01\/FB_IMG_1704477670996.jpg\"><img loading=\"lazy\" decoding=\"async\" width=\"1024\" height=\"768\" data-id=\"1444\" src=\"https:\/\/www.msshkg.com.ba\/wp-content\/uploads\/2024\/01\/FB_IMG_1704477670996-1024x768.jpg\" alt=\"\" class=\"wp-image-1444\"\/><\/a><\/figure>\n\n\n\n<figure class=\"wp-block-image size-large\"><a href=\"https:\/\/www.msshkg.com.ba\/wp-content\/uploads\/2024\/01\/FB_IMG_1704477680821.jpg\"><img loading=\"lazy\" decoding=\"async\" width=\"1024\" height=\"768\" data-id=\"1443\" src=\"https:\/\/www.msshkg.com.ba\/wp-content\/uploads\/2024\/01\/FB_IMG_1704477680821-1024x768.jpg\" alt=\"\" class=\"wp-image-1443\" srcset=\"https:\/\/www.msshkg.com.ba\/wp-content\/uploads\/2024\/01\/FB_IMG_1704477680821-1024x768.jpg 1024w, https:\/\/www.msshkg.com.ba\/wp-content\/uploads\/2024\/01\/FB_IMG_1704477680821-300x225.jpg 300w, https:\/\/www.msshkg.com.ba\/wp-content\/uploads\/2024\/01\/FB_IMG_1704477680821-768x576.jpg 768w, https:\/\/www.msshkg.com.ba\/wp-content\/uploads\/2024\/01\/FB_IMG_1704477680821.jpg 1080w\" sizes=\"auto, (max-width: 1024px) 100vw, 1024px\" \/><\/a><\/figure>\n<\/figure>\n<div style=\"margin-top: 0px; margin-bottom: 0px;\" class=\"sharethis-inline-share-buttons\" ><\/div>","protected":false},"excerpt":{"rendered":"<p>U petak, 05.01.2024. godine, u amfiteatru \u0161kole odr\u017eano je stru\u010dno usavr\u0161avanje za profesore na temu: &#8220;Nasilje me\u0111u djecom u \u0161koli&#8221;.Predavanje su odr\u017eale pedagogice Maja Selimhod\u017ei\u0107 i Mubina Me\u0161i\u0107 i defektolog Selma Pekari\u0107 Kadi\u0107.U dana\u0161njem svijetu, problem nasilja me\u0111u u\u010denicima postaje sve ozbiljniji i ra\u0161ireniji. Nasilje me\u0111u vr\u0161njacima, poznato i kao vr\u0161nja\u010dko nasilje, ima negativan uticaj [&hellip;]<\/p>\n","protected":false},"author":1,"featured_media":1444,"comment_status":"open","ping_status":"open","sticky":false,"template":"","format":"standard","meta":{"_bbp_topic_count":0,"_bbp_reply_count":0,"_bbp_total_topic_count":0,"_bbp_total_reply_count":0,"_bbp_voice_count":0,"_bbp_anonymous_reply_count":0,"_bbp_topic_count_hidden":0,"_bbp_reply_count_hidden":0,"_bbp_forum_subforum_count":0,"footnotes":""},"categories":[3],"tags":[],"class_list":["post-1440","post","type-post","status-publish","format-standard","has-post-thumbnail","hentry","category-naslovnica"],"yoast_head":"<!-- This site is optimized with the Yoast SEO plugin v26.0 - https:\/\/yoast.com\/wordpress\/plugins\/seo\/ -->\n<title>STRU\u010cNO USAVR\u0160AVANJE ZA PROFESORE NA TEMU: &quot;NASILJE ME\u0110U DJECOM U \u0160KOLI&quot; - Mje\u0161ovita srednja \u0161kola &quot;Hasan Kiki\u0107&quot; Grada\u010dac<\/title>\n<meta name=\"robots\" content=\"index, follow, max-snippet:-1, max-image-preview:large, max-video-preview:-1\" \/>\n<link rel=\"canonical\" href=\"https:\/\/www.msshkg.com.ba\/index.php\/2024\/01\/05\/strucno-usavrsavanje-za-profesore-na-temu-nasilje-medju-djecom-u-skoli\/\" \/>\n<meta property=\"og:locale\" content=\"bs_BA\" \/>\n<meta property=\"og:type\" content=\"article\" \/>\n<meta property=\"og:title\" content=\"STRU\u010cNO USAVR\u0160AVANJE ZA PROFESORE NA TEMU: &quot;NASILJE ME\u0110U DJECOM U \u0160KOLI&quot; - Mje\u0161ovita srednja \u0161kola &quot;Hasan Kiki\u0107&quot; Grada\u010dac\" \/>\n<meta property=\"og:description\" content=\"U petak, 05.01.2024. godine, u amfiteatru \u0161kole odr\u017eano je stru\u010dno usavr\u0161avanje za profesore na temu: &#8220;Nasilje me\u0111u djecom u \u0161koli&#8221;.Predavanje su odr\u017eale pedagogice Maja Selimhod\u017ei\u0107 i Mubina Me\u0161i\u0107 i defektolog Selma Pekari\u0107 Kadi\u0107.U dana\u0161njem svijetu, problem nasilja me\u0111u u\u010denicima postaje sve ozbiljniji i ra\u0161ireniji. Nasilje me\u0111u vr\u0161njacima, poznato i kao vr\u0161nja\u010dko nasilje, ima negativan uticaj [&hellip;]\" \/>\n<meta property=\"og:url\" content=\"https:\/\/www.msshkg.com.ba\/index.php\/2024\/01\/05\/strucno-usavrsavanje-za-profesore-na-temu-nasilje-medju-djecom-u-skoli\/\" \/>\n<meta property=\"og:site_name\" content=\"Mje\u0161ovita srednja \u0161kola &quot;Hasan Kiki\u0107&quot; Grada\u010dac\" \/>\n<meta property=\"article:published_time\" content=\"2024-01-05T10:00:00+00:00\" \/>\n<meta property=\"article:modified_time\" content=\"2024-01-10T12:11:00+00:00\" \/>\n<meta property=\"og:image\" content=\"https:\/\/www.msshkg.com.ba\/wp-content\/uploads\/2024\/01\/FB_IMG_1704477670996-e1704888650730.jpg\" \/>\n\t<meta property=\"og:image:width\" content=\"251\" \/>\n\t<meta property=\"og:image:height\" content=\"188\" \/>\n\t<meta property=\"og:image:type\" content=\"image\/jpeg\" \/>\n<meta name=\"author\" content=\"Samir Mujdzic\" \/>\n<meta name=\"twitter:card\" content=\"summary_large_image\" \/>\n<meta name=\"twitter:label1\" content=\"Written by\" \/>\n\t<meta name=\"twitter:data1\" content=\"Samir Mujdzic\" \/>\n\t<meta name=\"twitter:label2\" content=\"Est. reading time\" \/>\n\t<meta name=\"twitter:data2\" content=\"4 minute\" \/>\n<script type=\"application\/ld+json\" class=\"yoast-schema-graph\">{\"@context\":\"https:\/\/schema.org\",\"@graph\":[{\"@type\":\"Article\",\"@id\":\"https:\/\/www.msshkg.com.ba\/index.php\/2024\/01\/05\/strucno-usavrsavanje-za-profesore-na-temu-nasilje-medju-djecom-u-skoli\/#article\",\"isPartOf\":{\"@id\":\"https:\/\/www.msshkg.com.ba\/index.php\/2024\/01\/05\/strucno-usavrsavanje-za-profesore-na-temu-nasilje-medju-djecom-u-skoli\/\"},\"author\":{\"name\":\"Samir Mujdzic\",\"@id\":\"https:\/\/www.msshkg.com.ba\/#\/schema\/person\/3122c1c496e5835573e6c75c805130f5\"},\"headline\":\"STRU\u010cNO USAVR\u0160AVANJE ZA PROFESORE NA TEMU: &#8220;NASILJE ME\u0110U DJECOM U \u0160KOLI&#8221;\",\"datePublished\":\"2024-01-05T10:00:00+00:00\",\"dateModified\":\"2024-01-10T12:11:00+00:00\",\"mainEntityOfPage\":{\"@id\":\"https:\/\/www.msshkg.com.ba\/index.php\/2024\/01\/05\/strucno-usavrsavanje-za-profesore-na-temu-nasilje-medju-djecom-u-skoli\/\"},\"wordCount\":495,\"commentCount\":0,\"publisher\":{\"@id\":\"https:\/\/www.msshkg.com.ba\/#organization\"},\"image\":{\"@id\":\"https:\/\/www.msshkg.com.ba\/index.php\/2024\/01\/05\/strucno-usavrsavanje-za-profesore-na-temu-nasilje-medju-djecom-u-skoli\/#primaryimage\"},\"thumbnailUrl\":\"https:\/\/www.msshkg.com.ba\/wp-content\/uploads\/2024\/01\/FB_IMG_1704477670996-e1704888650730.jpg\",\"articleSection\":[\"Naslovnica\"],\"inLanguage\":\"bs-BA\",\"potentialAction\":[{\"@type\":\"CommentAction\",\"name\":\"Comment\",\"target\":[\"https:\/\/www.msshkg.com.ba\/index.php\/2024\/01\/05\/strucno-usavrsavanje-za-profesore-na-temu-nasilje-medju-djecom-u-skoli\/#respond\"]}]},{\"@type\":\"WebPage\",\"@id\":\"https:\/\/www.msshkg.com.ba\/index.php\/2024\/01\/05\/strucno-usavrsavanje-za-profesore-na-temu-nasilje-medju-djecom-u-skoli\/\",\"url\":\"https:\/\/www.msshkg.com.ba\/index.php\/2024\/01\/05\/strucno-usavrsavanje-za-profesore-na-temu-nasilje-medju-djecom-u-skoli\/\",\"name\":\"STRU\u010cNO USAVR\u0160AVANJE ZA PROFESORE NA TEMU: \\\"NASILJE ME\u0110U DJECOM U \u0160KOLI\\\" - Mje\u0161ovita srednja \u0161kola &quot;Hasan Kiki\u0107&quot; Grada\u010dac\",\"isPartOf\":{\"@id\":\"https:\/\/www.msshkg.com.ba\/#website\"},\"primaryImageOfPage\":{\"@id\":\"https:\/\/www.msshkg.com.ba\/index.php\/2024\/01\/05\/strucno-usavrsavanje-za-profesore-na-temu-nasilje-medju-djecom-u-skoli\/#primaryimage\"},\"image\":{\"@id\":\"https:\/\/www.msshkg.com.ba\/index.php\/2024\/01\/05\/strucno-usavrsavanje-za-profesore-na-temu-nasilje-medju-djecom-u-skoli\/#primaryimage\"},\"thumbnailUrl\":\"https:\/\/www.msshkg.com.ba\/wp-content\/uploads\/2024\/01\/FB_IMG_1704477670996-e1704888650730.jpg\",\"datePublished\":\"2024-01-05T10:00:00+00:00\",\"dateModified\":\"2024-01-10T12:11:00+00:00\",\"breadcrumb\":{\"@id\":\"https:\/\/www.msshkg.com.ba\/index.php\/2024\/01\/05\/strucno-usavrsavanje-za-profesore-na-temu-nasilje-medju-djecom-u-skoli\/#breadcrumb\"},\"inLanguage\":\"bs-BA\",\"potentialAction\":[{\"@type\":\"ReadAction\",\"target\":[\"https:\/\/www.msshkg.com.ba\/index.php\/2024\/01\/05\/strucno-usavrsavanje-za-profesore-na-temu-nasilje-medju-djecom-u-skoli\/\"]}]},{\"@type\":\"ImageObject\",\"inLanguage\":\"bs-BA\",\"@id\":\"https:\/\/www.msshkg.com.ba\/index.php\/2024\/01\/05\/strucno-usavrsavanje-za-profesore-na-temu-nasilje-medju-djecom-u-skoli\/#primaryimage\",\"url\":\"https:\/\/www.msshkg.com.ba\/wp-content\/uploads\/2024\/01\/FB_IMG_1704477670996-e1704888650730.jpg\",\"contentUrl\":\"https:\/\/www.msshkg.com.ba\/wp-content\/uploads\/2024\/01\/FB_IMG_1704477670996-e1704888650730.jpg\",\"width\":251,\"height\":188},{\"@type\":\"BreadcrumbList\",\"@id\":\"https:\/\/www.msshkg.com.ba\/index.php\/2024\/01\/05\/strucno-usavrsavanje-za-profesore-na-temu-nasilje-medju-djecom-u-skoli\/#breadcrumb\",\"itemListElement\":[{\"@type\":\"ListItem\",\"position\":1,\"name\":\"Home\",\"item\":\"https:\/\/www.msshkg.com.ba\/\"},{\"@type\":\"ListItem\",\"position\":2,\"name\":\"STRU\u010cNO USAVR\u0160AVANJE ZA PROFESORE NA TEMU: &#8220;NASILJE ME\u0110U DJECOM U \u0160KOLI&#8221;\"}]},{\"@type\":\"WebSite\",\"@id\":\"https:\/\/www.msshkg.com.ba\/#website\",\"url\":\"https:\/\/www.msshkg.com.ba\/\",\"name\":\"Mje\u0161ovita srednja \u0161kola &quot;Hasan Kiki\u0107&quot; Grada\u010dac\",\"description\":\"\",\"publisher\":{\"@id\":\"https:\/\/www.msshkg.com.ba\/#organization\"},\"potentialAction\":[{\"@type\":\"SearchAction\",\"target\":{\"@type\":\"EntryPoint\",\"urlTemplate\":\"https:\/\/www.msshkg.com.ba\/?s={search_term_string}\"},\"query-input\":{\"@type\":\"PropertyValueSpecification\",\"valueRequired\":true,\"valueName\":\"search_term_string\"}}],\"inLanguage\":\"bs-BA\"},{\"@type\":\"Organization\",\"@id\":\"https:\/\/www.msshkg.com.ba\/#organization\",\"name\":\"Mje\u0161ovita srednja \u0161kola &quot;Hasan Kiki\u0107&quot; Grada\u010dac\",\"url\":\"https:\/\/www.msshkg.com.ba\/\",\"logo\":{\"@type\":\"ImageObject\",\"inLanguage\":\"bs-BA\",\"@id\":\"https:\/\/www.msshkg.com.ba\/#\/schema\/logo\/image\/\",\"url\":\"https:\/\/www.msshkg.com.ba\/wp-content\/uploads\/2022\/01\/LogoWeb2.jpg\",\"contentUrl\":\"https:\/\/www.msshkg.com.ba\/wp-content\/uploads\/2022\/01\/LogoWeb2.jpg\",\"width\":150,\"height\":150,\"caption\":\"Mje\u0161ovita srednja \u0161kola &quot;Hasan Kiki\u0107&quot; Grada\u010dac\"},\"image\":{\"@id\":\"https:\/\/www.msshkg.com.ba\/#\/schema\/logo\/image\/\"}},{\"@type\":\"Person\",\"@id\":\"https:\/\/www.msshkg.com.ba\/#\/schema\/person\/3122c1c496e5835573e6c75c805130f5\",\"name\":\"Samir Mujdzic\",\"image\":{\"@type\":\"ImageObject\",\"inLanguage\":\"bs-BA\",\"@id\":\"https:\/\/www.msshkg.com.ba\/#\/schema\/person\/image\/\",\"url\":\"https:\/\/secure.gravatar.com\/avatar\/ba7bd829c959fc2571729de7fcc679ab2b1e4403a1e9afc53e0914dee72df5d4?s=96&d=mm&r=g\",\"contentUrl\":\"https:\/\/secure.gravatar.com\/avatar\/ba7bd829c959fc2571729de7fcc679ab2b1e4403a1e9afc53e0914dee72df5d4?s=96&d=mm&r=g\",\"caption\":\"Samir Mujdzic\"},\"sameAs\":[\"https:\/\/www.msshkg.com.ba\"],\"url\":\"https:\/\/www.msshkg.com.ba\/index.php\/author\/samir\/\"}]}<\/script>\n<!-- \/ Yoast SEO plugin. -->","yoast_head_json":{"title":"STRU\u010cNO USAVR\u0160AVANJE ZA PROFESORE NA TEMU: \"NASILJE ME\u0110U DJECOM U \u0160KOLI\" - Mje\u0161ovita srednja \u0161kola &quot;Hasan Kiki\u0107&quot; Grada\u010dac","robots":{"index":"index","follow":"follow","max-snippet":"max-snippet:-1","max-image-preview":"max-image-preview:large","max-video-preview":"max-video-preview:-1"},"canonical":"https:\/\/www.msshkg.com.ba\/index.php\/2024\/01\/05\/strucno-usavrsavanje-za-profesore-na-temu-nasilje-medju-djecom-u-skoli\/","og_locale":"bs_BA","og_type":"article","og_title":"STRU\u010cNO USAVR\u0160AVANJE ZA PROFESORE NA TEMU: \"NASILJE ME\u0110U DJECOM U \u0160KOLI\" - Mje\u0161ovita srednja \u0161kola &quot;Hasan Kiki\u0107&quot; Grada\u010dac","og_description":"U petak, 05.01.2024. godine, u amfiteatru \u0161kole odr\u017eano je stru\u010dno usavr\u0161avanje za profesore na temu: &#8220;Nasilje me\u0111u djecom u \u0161koli&#8221;.Predavanje su odr\u017eale pedagogice Maja Selimhod\u017ei\u0107 i Mubina Me\u0161i\u0107 i defektolog Selma Pekari\u0107 Kadi\u0107.U dana\u0161njem svijetu, problem nasilja me\u0111u u\u010denicima postaje sve ozbiljniji i ra\u0161ireniji. Nasilje me\u0111u vr\u0161njacima, poznato i kao vr\u0161nja\u010dko nasilje, ima negativan uticaj [&hellip;]","og_url":"https:\/\/www.msshkg.com.ba\/index.php\/2024\/01\/05\/strucno-usavrsavanje-za-profesore-na-temu-nasilje-medju-djecom-u-skoli\/","og_site_name":"Mje\u0161ovita srednja \u0161kola &quot;Hasan Kiki\u0107&quot; Grada\u010dac","article_published_time":"2024-01-05T10:00:00+00:00","article_modified_time":"2024-01-10T12:11:00+00:00","og_image":[{"width":251,"height":188,"url":"https:\/\/www.msshkg.com.ba\/wp-content\/uploads\/2024\/01\/FB_IMG_1704477670996-e1704888650730.jpg","type":"image\/jpeg"}],"author":"Samir Mujdzic","twitter_card":"summary_large_image","twitter_misc":{"Written by":"Samir Mujdzic","Est. reading time":"4 minute"},"schema":{"@context":"https:\/\/schema.org","@graph":[{"@type":"Article","@id":"https:\/\/www.msshkg.com.ba\/index.php\/2024\/01\/05\/strucno-usavrsavanje-za-profesore-na-temu-nasilje-medju-djecom-u-skoli\/#article","isPartOf":{"@id":"https:\/\/www.msshkg.com.ba\/index.php\/2024\/01\/05\/strucno-usavrsavanje-za-profesore-na-temu-nasilje-medju-djecom-u-skoli\/"},"author":{"name":"Samir Mujdzic","@id":"https:\/\/www.msshkg.com.ba\/#\/schema\/person\/3122c1c496e5835573e6c75c805130f5"},"headline":"STRU\u010cNO USAVR\u0160AVANJE ZA PROFESORE NA TEMU: &#8220;NASILJE ME\u0110U DJECOM U \u0160KOLI&#8221;","datePublished":"2024-01-05T10:00:00+00:00","dateModified":"2024-01-10T12:11:00+00:00","mainEntityOfPage":{"@id":"https:\/\/www.msshkg.com.ba\/index.php\/2024\/01\/05\/strucno-usavrsavanje-za-profesore-na-temu-nasilje-medju-djecom-u-skoli\/"},"wordCount":495,"commentCount":0,"publisher":{"@id":"https:\/\/www.msshkg.com.ba\/#organization"},"image":{"@id":"https:\/\/www.msshkg.com.ba\/index.php\/2024\/01\/05\/strucno-usavrsavanje-za-profesore-na-temu-nasilje-medju-djecom-u-skoli\/#primaryimage"},"thumbnailUrl":"https:\/\/www.msshkg.com.ba\/wp-content\/uploads\/2024\/01\/FB_IMG_1704477670996-e1704888650730.jpg","articleSection":["Naslovnica"],"inLanguage":"bs-BA","potentialAction":[{"@type":"CommentAction","name":"Comment","target":["https:\/\/www.msshkg.com.ba\/index.php\/2024\/01\/05\/strucno-usavrsavanje-za-profesore-na-temu-nasilje-medju-djecom-u-skoli\/#respond"]}]},{"@type":"WebPage","@id":"https:\/\/www.msshkg.com.ba\/index.php\/2024\/01\/05\/strucno-usavrsavanje-za-profesore-na-temu-nasilje-medju-djecom-u-skoli\/","url":"https:\/\/www.msshkg.com.ba\/index.php\/2024\/01\/05\/strucno-usavrsavanje-za-profesore-na-temu-nasilje-medju-djecom-u-skoli\/","name":"STRU\u010cNO USAVR\u0160AVANJE ZA PROFESORE NA TEMU: \"NASILJE ME\u0110U DJECOM U \u0160KOLI\" - Mje\u0161ovita srednja \u0161kola &quot;Hasan Kiki\u0107&quot; Grada\u010dac","isPartOf":{"@id":"https:\/\/www.msshkg.com.ba\/#website"},"primaryImageOfPage":{"@id":"https:\/\/www.msshkg.com.ba\/index.php\/2024\/01\/05\/strucno-usavrsavanje-za-profesore-na-temu-nasilje-medju-djecom-u-skoli\/#primaryimage"},"image":{"@id":"https:\/\/www.msshkg.com.ba\/index.php\/2024\/01\/05\/strucno-usavrsavanje-za-profesore-na-temu-nasilje-medju-djecom-u-skoli\/#primaryimage"},"thumbnailUrl":"https:\/\/www.msshkg.com.ba\/wp-content\/uploads\/2024\/01\/FB_IMG_1704477670996-e1704888650730.jpg","datePublished":"2024-01-05T10:00:00+00:00","dateModified":"2024-01-10T12:11:00+00:00","breadcrumb":{"@id":"https:\/\/www.msshkg.com.ba\/index.php\/2024\/01\/05\/strucno-usavrsavanje-za-profesore-na-temu-nasilje-medju-djecom-u-skoli\/#breadcrumb"},"inLanguage":"bs-BA","potentialAction":[{"@type":"ReadAction","target":["https:\/\/www.msshkg.com.ba\/index.php\/2024\/01\/05\/strucno-usavrsavanje-za-profesore-na-temu-nasilje-medju-djecom-u-skoli\/"]}]},{"@type":"ImageObject","inLanguage":"bs-BA","@id":"https:\/\/www.msshkg.com.ba\/index.php\/2024\/01\/05\/strucno-usavrsavanje-za-profesore-na-temu-nasilje-medju-djecom-u-skoli\/#primaryimage","url":"https:\/\/www.msshkg.com.ba\/wp-content\/uploads\/2024\/01\/FB_IMG_1704477670996-e1704888650730.jpg","contentUrl":"https:\/\/www.msshkg.com.ba\/wp-content\/uploads\/2024\/01\/FB_IMG_1704477670996-e1704888650730.jpg","width":251,"height":188},{"@type":"BreadcrumbList","@id":"https:\/\/www.msshkg.com.ba\/index.php\/2024\/01\/05\/strucno-usavrsavanje-za-profesore-na-temu-nasilje-medju-djecom-u-skoli\/#breadcrumb","itemListElement":[{"@type":"ListItem","position":1,"name":"Home","item":"https:\/\/www.msshkg.com.ba\/"},{"@type":"ListItem","position":2,"name":"STRU\u010cNO USAVR\u0160AVANJE ZA PROFESORE NA TEMU: &#8220;NASILJE ME\u0110U DJECOM U \u0160KOLI&#8221;"}]},{"@type":"WebSite","@id":"https:\/\/www.msshkg.com.ba\/#website","url":"https:\/\/www.msshkg.com.ba\/","name":"Mje\u0161ovita srednja \u0161kola &quot;Hasan Kiki\u0107&quot; Grada\u010dac","description":"","publisher":{"@id":"https:\/\/www.msshkg.com.ba\/#organization"},"potentialAction":[{"@type":"SearchAction","target":{"@type":"EntryPoint","urlTemplate":"https:\/\/www.msshkg.com.ba\/?s={search_term_string}"},"query-input":{"@type":"PropertyValueSpecification","valueRequired":true,"valueName":"search_term_string"}}],"inLanguage":"bs-BA"},{"@type":"Organization","@id":"https:\/\/www.msshkg.com.ba\/#organization","name":"Mje\u0161ovita srednja \u0161kola &quot;Hasan Kiki\u0107&quot; Grada\u010dac","url":"https:\/\/www.msshkg.com.ba\/","logo":{"@type":"ImageObject","inLanguage":"bs-BA","@id":"https:\/\/www.msshkg.com.ba\/#\/schema\/logo\/image\/","url":"https:\/\/www.msshkg.com.ba\/wp-content\/uploads\/2022\/01\/LogoWeb2.jpg","contentUrl":"https:\/\/www.msshkg.com.ba\/wp-content\/uploads\/2022\/01\/LogoWeb2.jpg","width":150,"height":150,"caption":"Mje\u0161ovita srednja \u0161kola &quot;Hasan Kiki\u0107&quot; Grada\u010dac"},"image":{"@id":"https:\/\/www.msshkg.com.ba\/#\/schema\/logo\/image\/"}},{"@type":"Person","@id":"https:\/\/www.msshkg.com.ba\/#\/schema\/person\/3122c1c496e5835573e6c75c805130f5","name":"Samir Mujdzic","image":{"@type":"ImageObject","inLanguage":"bs-BA","@id":"https:\/\/www.msshkg.com.ba\/#\/schema\/person\/image\/","url":"https:\/\/secure.gravatar.com\/avatar\/ba7bd829c959fc2571729de7fcc679ab2b1e4403a1e9afc53e0914dee72df5d4?s=96&d=mm&r=g","contentUrl":"https:\/\/secure.gravatar.com\/avatar\/ba7bd829c959fc2571729de7fcc679ab2b1e4403a1e9afc53e0914dee72df5d4?s=96&d=mm&r=g","caption":"Samir Mujdzic"},"sameAs":["https:\/\/www.msshkg.com.ba"],"url":"https:\/\/www.msshkg.com.ba\/index.php\/author\/samir\/"}]}},"_links":{"self":[{"href":"https:\/\/www.msshkg.com.ba\/index.php\/wp-json\/wp\/v2\/posts\/1440","targetHints":{"allow":["GET"]}}],"collection":[{"href":"https:\/\/www.msshkg.com.ba\/index.php\/wp-json\/wp\/v2\/posts"}],"about":[{"href":"https:\/\/www.msshkg.com.ba\/index.php\/wp-json\/wp\/v2\/types\/post"}],"author":[{"embeddable":true,"href":"https:\/\/www.msshkg.com.ba\/index.php\/wp-json\/wp\/v2\/users\/1"}],"replies":[{"embeddable":true,"href":"https:\/\/www.msshkg.com.ba\/index.php\/wp-json\/wp\/v2\/comments?post=1440"}],"version-history":[{"count":4,"href":"https:\/\/www.msshkg.com.ba\/index.php\/wp-json\/wp\/v2\/posts\/1440\/revisions"}],"predecessor-version":[{"id":1451,"href":"https:\/\/www.msshkg.com.ba\/index.php\/wp-json\/wp\/v2\/posts\/1440\/revisions\/1451"}],"wp:featuredmedia":[{"embeddable":true,"href":"https:\/\/www.msshkg.com.ba\/index.php\/wp-json\/wp\/v2\/media\/1444"}],"wp:attachment":[{"href":"https:\/\/www.msshkg.com.ba\/index.php\/wp-json\/wp\/v2\/media?parent=1440"}],"wp:term":[{"taxonomy":"category","embeddable":true,"href":"https:\/\/www.msshkg.com.ba\/index.php\/wp-json\/wp\/v2\/categories?post=1440"},{"taxonomy":"post_tag","embeddable":true,"href":"https:\/\/www.msshkg.com.ba\/index.php\/wp-json\/wp\/v2\/tags?post=1440"}],"curies":[{"name":"wp","href":"https:\/\/api.w.org\/{rel}","templated":true}]}}