{"id":1433,"date":"2023-11-27T12:00:00","date_gmt":"2023-11-27T11:00:00","guid":{"rendered":"https:\/\/www.msshkg.com.ba\/?p=1433"},"modified":"2023-11-27T13:17:23","modified_gmt":"2023-11-27T12:17:23","slug":"svecana-priredba-povodom-dana-drzavnosti-bosne-i-hercegovine","status":"publish","type":"post","link":"https:\/\/www.msshkg.com.ba\/index.php\/2023\/11\/27\/svecana-priredba-povodom-dana-drzavnosti-bosne-i-hercegovine\/","title":{"rendered":"SVE\u010cANA PRIREDBA POVODOM DANA DR\u017dAVNOSTI BOSNE I HERCEGOVINE"},"content":{"rendered":"\n<p>U petak, 24.11.2023. godine, u amfiteatru \u0161kole odr\u017eana je sve\u010dana priredba povodom Dana dr\u017eavnosti Bosne i Hercegovine. Prigodan kulturno-zabavni program pripremili su u\u010denici na\u0161e \u0161kole\u00a0 pod vo\u0111stvom svojih mentora. Koordinatorica priredbe bila je profesorica\u00a0 Jasminka Mujd\u017ei\u0107-Selimovi\u0107.<br>U holu \u0161kole\u00a0 postavljena je izlo\u017eba u\u010deni\u010dkih radova.<\/p>\n\n\n\n<p>Priredba povodom Dana dr\u017eavnosti Bosne i Hercegovine:<\/p>\n\n\n\n<figure class=\"wp-block-embed is-type-video is-provider-youtube wp-block-embed-youtube wp-embed-aspect-16-9 wp-has-aspect-ratio\"><div class=\"wp-block-embed__wrapper\">\n<iframe loading=\"lazy\" title=\"Priredba povodom Dana dr\u017eavnosti Bosne i Hercegovine\" width=\"640\" height=\"360\" src=\"https:\/\/www.youtube.com\/embed\/SvMr32ftNlc?feature=oembed\" frameborder=\"0\" allow=\"accelerometer; autoplay; clipboard-write; encrypted-media; gyroscope; picture-in-picture; web-share\" referrerpolicy=\"strict-origin-when-cross-origin\" allowfullscreen><\/iframe>\n<\/div><\/figure>\n\n\n\n<p>Kratki film u\u010denice Omerovi\u0107 Edise:<\/p>\n\n\n\n<figure class=\"wp-block-embed is-type-video is-provider-youtube wp-block-embed-youtube wp-embed-aspect-16-9 wp-has-aspect-ratio\"><div class=\"wp-block-embed__wrapper\">\n<iframe loading=\"lazy\" title=\"Dan dr\u017eavnosti Bosne i Hercegovine\" width=\"640\" height=\"360\" src=\"https:\/\/www.youtube.com\/embed\/LVOmwV7Pm-8?feature=oembed\" frameborder=\"0\" allow=\"accelerometer; autoplay; clipboard-write; encrypted-media; gyroscope; picture-in-picture; web-share\" referrerpolicy=\"strict-origin-when-cross-origin\" allowfullscreen><\/iframe>\n<\/div><\/figure>\n<div style=\"margin-top: 0px; margin-bottom: 0px;\" class=\"sharethis-inline-share-buttons\" ><\/div>","protected":false},"excerpt":{"rendered":"<p>U petak, 24.11.2023. godine, u amfiteatru \u0161kole odr\u017eana je sve\u010dana priredba povodom Dana dr\u017eavnosti Bosne i Hercegovine. Prigodan kulturno-zabavni program pripremili su u\u010denici na\u0161e \u0161kole\u00a0 pod vo\u0111stvom svojih mentora. Koordinatorica priredbe bila je profesorica\u00a0 Jasminka Mujd\u017ei\u0107-Selimovi\u0107.U holu \u0161kole\u00a0 postavljena je izlo\u017eba u\u010deni\u010dkih radova. Priredba povodom Dana dr\u017eavnosti Bosne i Hercegovine: Kratki film u\u010denice Omerovi\u0107 Edise:<\/p>\n","protected":false},"author":1,"featured_media":1434,"comment_status":"open","ping_status":"open","sticky":false,"template":"","format":"standard","meta":{"_bbp_topic_count":0,"_bbp_reply_count":0,"_bbp_total_topic_count":0,"_bbp_total_reply_count":0,"_bbp_voice_count":0,"_bbp_anonymous_reply_count":0,"_bbp_topic_count_hidden":0,"_bbp_reply_count_hidden":0,"_bbp_forum_subforum_count":0,"footnotes":""},"categories":[3],"tags":[],"class_list":["post-1433","post","type-post","status-publish","format-standard","has-post-thumbnail","hentry","category-naslovnica"],"yoast_head":"<!-- This site is optimized with the Yoast SEO plugin v26.0 - https:\/\/yoast.com\/wordpress\/plugins\/seo\/ -->\n<title>SVE\u010cANA PRIREDBA POVODOM DANA DR\u017dAVNOSTI BOSNE I HERCEGOVINE - Mje\u0161ovita srednja \u0161kola &quot;Hasan Kiki\u0107&quot; Grada\u010dac<\/title>\n<meta name=\"robots\" content=\"index, follow, max-snippet:-1, max-image-preview:large, max-video-preview:-1\" \/>\n<link rel=\"canonical\" href=\"https:\/\/www.msshkg.com.ba\/index.php\/2023\/11\/27\/svecana-priredba-povodom-dana-drzavnosti-bosne-i-hercegovine\/\" \/>\n<meta property=\"og:locale\" content=\"bs_BA\" \/>\n<meta property=\"og:type\" content=\"article\" \/>\n<meta property=\"og:title\" content=\"SVE\u010cANA PRIREDBA POVODOM DANA DR\u017dAVNOSTI BOSNE I HERCEGOVINE - Mje\u0161ovita srednja \u0161kola &quot;Hasan Kiki\u0107&quot; Grada\u010dac\" \/>\n<meta property=\"og:description\" content=\"U petak, 24.11.2023. godine, u amfiteatru \u0161kole odr\u017eana je sve\u010dana priredba povodom Dana dr\u017eavnosti Bosne i Hercegovine. Prigodan kulturno-zabavni program pripremili su u\u010denici na\u0161e \u0161kole\u00a0 pod vo\u0111stvom svojih mentora. Koordinatorica priredbe bila je profesorica\u00a0 Jasminka Mujd\u017ei\u0107-Selimovi\u0107.U holu \u0161kole\u00a0 postavljena je izlo\u017eba u\u010deni\u010dkih radova. Priredba povodom Dana dr\u017eavnosti Bosne i Hercegovine: Kratki film u\u010denice Omerovi\u0107 Edise:\" \/>\n<meta property=\"og:url\" content=\"https:\/\/www.msshkg.com.ba\/index.php\/2023\/11\/27\/svecana-priredba-povodom-dana-drzavnosti-bosne-i-hercegovine\/\" \/>\n<meta property=\"og:site_name\" content=\"Mje\u0161ovita srednja \u0161kola &quot;Hasan Kiki\u0107&quot; Grada\u010dac\" \/>\n<meta property=\"article:published_time\" content=\"2023-11-27T11:00:00+00:00\" \/>\n<meta property=\"article:modified_time\" content=\"2023-11-27T12:17:23+00:00\" \/>\n<meta property=\"og:image\" content=\"https:\/\/www.msshkg.com.ba\/wp-content\/uploads\/2023\/11\/DanDrzavnosti2023-e1701087424467.jpg\" \/>\n\t<meta property=\"og:image:width\" content=\"251\" \/>\n\t<meta property=\"og:image:height\" content=\"188\" \/>\n\t<meta property=\"og:image:type\" content=\"image\/jpeg\" \/>\n<meta name=\"author\" content=\"Samir Mujdzic\" \/>\n<meta name=\"twitter:card\" content=\"summary_large_image\" \/>\n<meta name=\"twitter:label1\" content=\"Written by\" \/>\n\t<meta name=\"twitter:data1\" content=\"Samir Mujdzic\" \/>\n\t<meta name=\"twitter:label2\" content=\"Est. reading time\" \/>\n\t<meta name=\"twitter:data2\" content=\"1 minuta\" \/>\n<script type=\"application\/ld+json\" class=\"yoast-schema-graph\">{\"@context\":\"https:\/\/schema.org\",\"@graph\":[{\"@type\":\"Article\",\"@id\":\"https:\/\/www.msshkg.com.ba\/index.php\/2023\/11\/27\/svecana-priredba-povodom-dana-drzavnosti-bosne-i-hercegovine\/#article\",\"isPartOf\":{\"@id\":\"https:\/\/www.msshkg.com.ba\/index.php\/2023\/11\/27\/svecana-priredba-povodom-dana-drzavnosti-bosne-i-hercegovine\/\"},\"author\":{\"name\":\"Samir Mujdzic\",\"@id\":\"https:\/\/www.msshkg.com.ba\/#\/schema\/person\/3122c1c496e5835573e6c75c805130f5\"},\"headline\":\"SVE\u010cANA PRIREDBA POVODOM DANA DR\u017dAVNOSTI BOSNE I HERCEGOVINE\",\"datePublished\":\"2023-11-27T11:00:00+00:00\",\"dateModified\":\"2023-11-27T12:17:23+00:00\",\"mainEntityOfPage\":{\"@id\":\"https:\/\/www.msshkg.com.ba\/index.php\/2023\/11\/27\/svecana-priredba-povodom-dana-drzavnosti-bosne-i-hercegovine\/\"},\"wordCount\":96,\"commentCount\":0,\"publisher\":{\"@id\":\"https:\/\/www.msshkg.com.ba\/#organization\"},\"image\":{\"@id\":\"https:\/\/www.msshkg.com.ba\/index.php\/2023\/11\/27\/svecana-priredba-povodom-dana-drzavnosti-bosne-i-hercegovine\/#primaryimage\"},\"thumbnailUrl\":\"https:\/\/www.msshkg.com.ba\/wp-content\/uploads\/2023\/11\/DanDrzavnosti2023-e1701087424467.jpg\",\"articleSection\":[\"Naslovnica\"],\"inLanguage\":\"bs-BA\",\"potentialAction\":[{\"@type\":\"CommentAction\",\"name\":\"Comment\",\"target\":[\"https:\/\/www.msshkg.com.ba\/index.php\/2023\/11\/27\/svecana-priredba-povodom-dana-drzavnosti-bosne-i-hercegovine\/#respond\"]}]},{\"@type\":\"WebPage\",\"@id\":\"https:\/\/www.msshkg.com.ba\/index.php\/2023\/11\/27\/svecana-priredba-povodom-dana-drzavnosti-bosne-i-hercegovine\/\",\"url\":\"https:\/\/www.msshkg.com.ba\/index.php\/2023\/11\/27\/svecana-priredba-povodom-dana-drzavnosti-bosne-i-hercegovine\/\",\"name\":\"SVE\u010cANA PRIREDBA POVODOM DANA DR\u017dAVNOSTI BOSNE I HERCEGOVINE - Mje\u0161ovita srednja \u0161kola &quot;Hasan Kiki\u0107&quot; Grada\u010dac\",\"isPartOf\":{\"@id\":\"https:\/\/www.msshkg.com.ba\/#website\"},\"primaryImageOfPage\":{\"@id\":\"https:\/\/www.msshkg.com.ba\/index.php\/2023\/11\/27\/svecana-priredba-povodom-dana-drzavnosti-bosne-i-hercegovine\/#primaryimage\"},\"image\":{\"@id\":\"https:\/\/www.msshkg.com.ba\/index.php\/2023\/11\/27\/svecana-priredba-povodom-dana-drzavnosti-bosne-i-hercegovine\/#primaryimage\"},\"thumbnailUrl\":\"https:\/\/www.msshkg.com.ba\/wp-content\/uploads\/2023\/11\/DanDrzavnosti2023-e1701087424467.jpg\",\"datePublished\":\"2023-11-27T11:00:00+00:00\",\"dateModified\":\"2023-11-27T12:17:23+00:00\",\"breadcrumb\":{\"@id\":\"https:\/\/www.msshkg.com.ba\/index.php\/2023\/11\/27\/svecana-priredba-povodom-dana-drzavnosti-bosne-i-hercegovine\/#breadcrumb\"},\"inLanguage\":\"bs-BA\",\"potentialAction\":[{\"@type\":\"ReadAction\",\"target\":[\"https:\/\/www.msshkg.com.ba\/index.php\/2023\/11\/27\/svecana-priredba-povodom-dana-drzavnosti-bosne-i-hercegovine\/\"]}]},{\"@type\":\"ImageObject\",\"inLanguage\":\"bs-BA\",\"@id\":\"https:\/\/www.msshkg.com.ba\/index.php\/2023\/11\/27\/svecana-priredba-povodom-dana-drzavnosti-bosne-i-hercegovine\/#primaryimage\",\"url\":\"https:\/\/www.msshkg.com.ba\/wp-content\/uploads\/2023\/11\/DanDrzavnosti2023-e1701087424467.jpg\",\"contentUrl\":\"https:\/\/www.msshkg.com.ba\/wp-content\/uploads\/2023\/11\/DanDrzavnosti2023-e1701087424467.jpg\",\"width\":251,\"height\":188},{\"@type\":\"BreadcrumbList\",\"@id\":\"https:\/\/www.msshkg.com.ba\/index.php\/2023\/11\/27\/svecana-priredba-povodom-dana-drzavnosti-bosne-i-hercegovine\/#breadcrumb\",\"itemListElement\":[{\"@type\":\"ListItem\",\"position\":1,\"name\":\"Home\",\"item\":\"https:\/\/www.msshkg.com.ba\/\"},{\"@type\":\"ListItem\",\"position\":2,\"name\":\"SVE\u010cANA PRIREDBA POVODOM DANA DR\u017dAVNOSTI BOSNE I HERCEGOVINE\"}]},{\"@type\":\"WebSite\",\"@id\":\"https:\/\/www.msshkg.com.ba\/#website\",\"url\":\"https:\/\/www.msshkg.com.ba\/\",\"name\":\"Mje\u0161ovita srednja \u0161kola &quot;Hasan Kiki\u0107&quot; Grada\u010dac\",\"description\":\"\",\"publisher\":{\"@id\":\"https:\/\/www.msshkg.com.ba\/#organization\"},\"potentialAction\":[{\"@type\":\"SearchAction\",\"target\":{\"@type\":\"EntryPoint\",\"urlTemplate\":\"https:\/\/www.msshkg.com.ba\/?s={search_term_string}\"},\"query-input\":{\"@type\":\"PropertyValueSpecification\",\"valueRequired\":true,\"valueName\":\"search_term_string\"}}],\"inLanguage\":\"bs-BA\"},{\"@type\":\"Organization\",\"@id\":\"https:\/\/www.msshkg.com.ba\/#organization\",\"name\":\"Mje\u0161ovita srednja \u0161kola &quot;Hasan Kiki\u0107&quot; Grada\u010dac\",\"url\":\"https:\/\/www.msshkg.com.ba\/\",\"logo\":{\"@type\":\"ImageObject\",\"inLanguage\":\"bs-BA\",\"@id\":\"https:\/\/www.msshkg.com.ba\/#\/schema\/logo\/image\/\",\"url\":\"https:\/\/www.msshkg.com.ba\/wp-content\/uploads\/2022\/01\/LogoWeb2.jpg\",\"contentUrl\":\"https:\/\/www.msshkg.com.ba\/wp-content\/uploads\/2022\/01\/LogoWeb2.jpg\",\"width\":150,\"height\":150,\"caption\":\"Mje\u0161ovita srednja \u0161kola &quot;Hasan Kiki\u0107&quot; Grada\u010dac\"},\"image\":{\"@id\":\"https:\/\/www.msshkg.com.ba\/#\/schema\/logo\/image\/\"}},{\"@type\":\"Person\",\"@id\":\"https:\/\/www.msshkg.com.ba\/#\/schema\/person\/3122c1c496e5835573e6c75c805130f5\",\"name\":\"Samir Mujdzic\",\"image\":{\"@type\":\"ImageObject\",\"inLanguage\":\"bs-BA\",\"@id\":\"https:\/\/www.msshkg.com.ba\/#\/schema\/person\/image\/\",\"url\":\"https:\/\/secure.gravatar.com\/avatar\/ba7bd829c959fc2571729de7fcc679ab2b1e4403a1e9afc53e0914dee72df5d4?s=96&d=mm&r=g\",\"contentUrl\":\"https:\/\/secure.gravatar.com\/avatar\/ba7bd829c959fc2571729de7fcc679ab2b1e4403a1e9afc53e0914dee72df5d4?s=96&d=mm&r=g\",\"caption\":\"Samir Mujdzic\"},\"sameAs\":[\"https:\/\/www.msshkg.com.ba\"],\"url\":\"https:\/\/www.msshkg.com.ba\/index.php\/author\/samir\/\"}]}<\/script>\n<!-- \/ Yoast SEO plugin. -->","yoast_head_json":{"title":"SVE\u010cANA PRIREDBA POVODOM DANA DR\u017dAVNOSTI BOSNE I HERCEGOVINE - Mje\u0161ovita srednja \u0161kola &quot;Hasan Kiki\u0107&quot; Grada\u010dac","robots":{"index":"index","follow":"follow","max-snippet":"max-snippet:-1","max-image-preview":"max-image-preview:large","max-video-preview":"max-video-preview:-1"},"canonical":"https:\/\/www.msshkg.com.ba\/index.php\/2023\/11\/27\/svecana-priredba-povodom-dana-drzavnosti-bosne-i-hercegovine\/","og_locale":"bs_BA","og_type":"article","og_title":"SVE\u010cANA PRIREDBA POVODOM DANA DR\u017dAVNOSTI BOSNE I HERCEGOVINE - Mje\u0161ovita srednja \u0161kola &quot;Hasan Kiki\u0107&quot; Grada\u010dac","og_description":"U petak, 24.11.2023. godine, u amfiteatru \u0161kole odr\u017eana je sve\u010dana priredba povodom Dana dr\u017eavnosti Bosne i Hercegovine. Prigodan kulturno-zabavni program pripremili su u\u010denici na\u0161e \u0161kole\u00a0 pod vo\u0111stvom svojih mentora. Koordinatorica priredbe bila je profesorica\u00a0 Jasminka Mujd\u017ei\u0107-Selimovi\u0107.U holu \u0161kole\u00a0 postavljena je izlo\u017eba u\u010deni\u010dkih radova. Priredba povodom Dana dr\u017eavnosti Bosne i Hercegovine: Kratki film u\u010denice Omerovi\u0107 Edise:","og_url":"https:\/\/www.msshkg.com.ba\/index.php\/2023\/11\/27\/svecana-priredba-povodom-dana-drzavnosti-bosne-i-hercegovine\/","og_site_name":"Mje\u0161ovita srednja \u0161kola &quot;Hasan Kiki\u0107&quot; Grada\u010dac","article_published_time":"2023-11-27T11:00:00+00:00","article_modified_time":"2023-11-27T12:17:23+00:00","og_image":[{"width":251,"height":188,"url":"https:\/\/www.msshkg.com.ba\/wp-content\/uploads\/2023\/11\/DanDrzavnosti2023-e1701087424467.jpg","type":"image\/jpeg"}],"author":"Samir Mujdzic","twitter_card":"summary_large_image","twitter_misc":{"Written by":"Samir Mujdzic","Est. reading time":"1 minuta"},"schema":{"@context":"https:\/\/schema.org","@graph":[{"@type":"Article","@id":"https:\/\/www.msshkg.com.ba\/index.php\/2023\/11\/27\/svecana-priredba-povodom-dana-drzavnosti-bosne-i-hercegovine\/#article","isPartOf":{"@id":"https:\/\/www.msshkg.com.ba\/index.php\/2023\/11\/27\/svecana-priredba-povodom-dana-drzavnosti-bosne-i-hercegovine\/"},"author":{"name":"Samir Mujdzic","@id":"https:\/\/www.msshkg.com.ba\/#\/schema\/person\/3122c1c496e5835573e6c75c805130f5"},"headline":"SVE\u010cANA PRIREDBA POVODOM DANA DR\u017dAVNOSTI BOSNE I HERCEGOVINE","datePublished":"2023-11-27T11:00:00+00:00","dateModified":"2023-11-27T12:17:23+00:00","mainEntityOfPage":{"@id":"https:\/\/www.msshkg.com.ba\/index.php\/2023\/11\/27\/svecana-priredba-povodom-dana-drzavnosti-bosne-i-hercegovine\/"},"wordCount":96,"commentCount":0,"publisher":{"@id":"https:\/\/www.msshkg.com.ba\/#organization"},"image":{"@id":"https:\/\/www.msshkg.com.ba\/index.php\/2023\/11\/27\/svecana-priredba-povodom-dana-drzavnosti-bosne-i-hercegovine\/#primaryimage"},"thumbnailUrl":"https:\/\/www.msshkg.com.ba\/wp-content\/uploads\/2023\/11\/DanDrzavnosti2023-e1701087424467.jpg","articleSection":["Naslovnica"],"inLanguage":"bs-BA","potentialAction":[{"@type":"CommentAction","name":"Comment","target":["https:\/\/www.msshkg.com.ba\/index.php\/2023\/11\/27\/svecana-priredba-povodom-dana-drzavnosti-bosne-i-hercegovine\/#respond"]}]},{"@type":"WebPage","@id":"https:\/\/www.msshkg.com.ba\/index.php\/2023\/11\/27\/svecana-priredba-povodom-dana-drzavnosti-bosne-i-hercegovine\/","url":"https:\/\/www.msshkg.com.ba\/index.php\/2023\/11\/27\/svecana-priredba-povodom-dana-drzavnosti-bosne-i-hercegovine\/","name":"SVE\u010cANA PRIREDBA POVODOM DANA DR\u017dAVNOSTI BOSNE I HERCEGOVINE - Mje\u0161ovita srednja \u0161kola &quot;Hasan Kiki\u0107&quot; Grada\u010dac","isPartOf":{"@id":"https:\/\/www.msshkg.com.ba\/#website"},"primaryImageOfPage":{"@id":"https:\/\/www.msshkg.com.ba\/index.php\/2023\/11\/27\/svecana-priredba-povodom-dana-drzavnosti-bosne-i-hercegovine\/#primaryimage"},"image":{"@id":"https:\/\/www.msshkg.com.ba\/index.php\/2023\/11\/27\/svecana-priredba-povodom-dana-drzavnosti-bosne-i-hercegovine\/#primaryimage"},"thumbnailUrl":"https:\/\/www.msshkg.com.ba\/wp-content\/uploads\/2023\/11\/DanDrzavnosti2023-e1701087424467.jpg","datePublished":"2023-11-27T11:00:00+00:00","dateModified":"2023-11-27T12:17:23+00:00","breadcrumb":{"@id":"https:\/\/www.msshkg.com.ba\/index.php\/2023\/11\/27\/svecana-priredba-povodom-dana-drzavnosti-bosne-i-hercegovine\/#breadcrumb"},"inLanguage":"bs-BA","potentialAction":[{"@type":"ReadAction","target":["https:\/\/www.msshkg.com.ba\/index.php\/2023\/11\/27\/svecana-priredba-povodom-dana-drzavnosti-bosne-i-hercegovine\/"]}]},{"@type":"ImageObject","inLanguage":"bs-BA","@id":"https:\/\/www.msshkg.com.ba\/index.php\/2023\/11\/27\/svecana-priredba-povodom-dana-drzavnosti-bosne-i-hercegovine\/#primaryimage","url":"https:\/\/www.msshkg.com.ba\/wp-content\/uploads\/2023\/11\/DanDrzavnosti2023-e1701087424467.jpg","contentUrl":"https:\/\/www.msshkg.com.ba\/wp-content\/uploads\/2023\/11\/DanDrzavnosti2023-e1701087424467.jpg","width":251,"height":188},{"@type":"BreadcrumbList","@id":"https:\/\/www.msshkg.com.ba\/index.php\/2023\/11\/27\/svecana-priredba-povodom-dana-drzavnosti-bosne-i-hercegovine\/#breadcrumb","itemListElement":[{"@type":"ListItem","position":1,"name":"Home","item":"https:\/\/www.msshkg.com.ba\/"},{"@type":"ListItem","position":2,"name":"SVE\u010cANA PRIREDBA POVODOM DANA DR\u017dAVNOSTI BOSNE I HERCEGOVINE"}]},{"@type":"WebSite","@id":"https:\/\/www.msshkg.com.ba\/#website","url":"https:\/\/www.msshkg.com.ba\/","name":"Mje\u0161ovita srednja \u0161kola &quot;Hasan Kiki\u0107&quot; Grada\u010dac","description":"","publisher":{"@id":"https:\/\/www.msshkg.com.ba\/#organization"},"potentialAction":[{"@type":"SearchAction","target":{"@type":"EntryPoint","urlTemplate":"https:\/\/www.msshkg.com.ba\/?s={search_term_string}"},"query-input":{"@type":"PropertyValueSpecification","valueRequired":true,"valueName":"search_term_string"}}],"inLanguage":"bs-BA"},{"@type":"Organization","@id":"https:\/\/www.msshkg.com.ba\/#organization","name":"Mje\u0161ovita srednja \u0161kola &quot;Hasan Kiki\u0107&quot; Grada\u010dac","url":"https:\/\/www.msshkg.com.ba\/","logo":{"@type":"ImageObject","inLanguage":"bs-BA","@id":"https:\/\/www.msshkg.com.ba\/#\/schema\/logo\/image\/","url":"https:\/\/www.msshkg.com.ba\/wp-content\/uploads\/2022\/01\/LogoWeb2.jpg","contentUrl":"https:\/\/www.msshkg.com.ba\/wp-content\/uploads\/2022\/01\/LogoWeb2.jpg","width":150,"height":150,"caption":"Mje\u0161ovita srednja \u0161kola &quot;Hasan Kiki\u0107&quot; Grada\u010dac"},"image":{"@id":"https:\/\/www.msshkg.com.ba\/#\/schema\/logo\/image\/"}},{"@type":"Person","@id":"https:\/\/www.msshkg.com.ba\/#\/schema\/person\/3122c1c496e5835573e6c75c805130f5","name":"Samir Mujdzic","image":{"@type":"ImageObject","inLanguage":"bs-BA","@id":"https:\/\/www.msshkg.com.ba\/#\/schema\/person\/image\/","url":"https:\/\/secure.gravatar.com\/avatar\/ba7bd829c959fc2571729de7fcc679ab2b1e4403a1e9afc53e0914dee72df5d4?s=96&d=mm&r=g","contentUrl":"https:\/\/secure.gravatar.com\/avatar\/ba7bd829c959fc2571729de7fcc679ab2b1e4403a1e9afc53e0914dee72df5d4?s=96&d=mm&r=g","caption":"Samir Mujdzic"},"sameAs":["https:\/\/www.msshkg.com.ba"],"url":"https:\/\/www.msshkg.com.ba\/index.php\/author\/samir\/"}]}},"_links":{"self":[{"href":"https:\/\/www.msshkg.com.ba\/index.php\/wp-json\/wp\/v2\/posts\/1433","targetHints":{"allow":["GET"]}}],"collection":[{"href":"https:\/\/www.msshkg.com.ba\/index.php\/wp-json\/wp\/v2\/posts"}],"about":[{"href":"https:\/\/www.msshkg.com.ba\/index.php\/wp-json\/wp\/v2\/types\/post"}],"author":[{"embeddable":true,"href":"https:\/\/www.msshkg.com.ba\/index.php\/wp-json\/wp\/v2\/users\/1"}],"replies":[{"embeddable":true,"href":"https:\/\/www.msshkg.com.ba\/index.php\/wp-json\/wp\/v2\/comments?post=1433"}],"version-history":[{"count":1,"href":"https:\/\/www.msshkg.com.ba\/index.php\/wp-json\/wp\/v2\/posts\/1433\/revisions"}],"predecessor-version":[{"id":1435,"href":"https:\/\/www.msshkg.com.ba\/index.php\/wp-json\/wp\/v2\/posts\/1433\/revisions\/1435"}],"wp:featuredmedia":[{"embeddable":true,"href":"https:\/\/www.msshkg.com.ba\/index.php\/wp-json\/wp\/v2\/media\/1434"}],"wp:attachment":[{"href":"https:\/\/www.msshkg.com.ba\/index.php\/wp-json\/wp\/v2\/media?parent=1433"}],"wp:term":[{"taxonomy":"category","embeddable":true,"href":"https:\/\/www.msshkg.com.ba\/index.php\/wp-json\/wp\/v2\/categories?post=1433"},{"taxonomy":"post_tag","embeddable":true,"href":"https:\/\/www.msshkg.com.ba\/index.php\/wp-json\/wp\/v2\/tags?post=1433"}],"curies":[{"name":"wp","href":"https:\/\/api.w.org\/{rel}","templated":true}]}}