{"id":1418,"date":"2023-10-31T12:04:07","date_gmt":"2023-10-31T11:04:07","guid":{"rendered":"https:\/\/www.msshkg.com.ba\/?p=1418"},"modified":"2023-10-31T12:08:05","modified_gmt":"2023-10-31T11:08:05","slug":"edukacija-ucenika-kroz-radionice-povodom-evropske-sedmice-kodiranja-2023","status":"publish","type":"post","link":"https:\/\/www.msshkg.com.ba\/index.php\/2023\/10\/31\/edukacija-ucenika-kroz-radionice-povodom-evropske-sedmice-kodiranja-2023\/","title":{"rendered":"Edukacija u\u010denika kroz radionice povodom Evropske sedmice kodiranja 2023"},"content":{"rendered":"\n<p>Povodom Evropske sedmice kodiranja, koja je ove godine obilje\u017eena od 7. do 22. oktobra 2023. godine, u\u010denici na\u0161e \u0161kole su kao i ranijih godina, u cilju promovisanja programiranja, u\u010destvovali u obilje\u017eavanju ovog zna\u010dajnog doga\u0111aja. Radionice \u201eEU Code Week\u201cu na\u0161oj \u0161koli su organizovali profesori: <strong>Sarajli\u0107 Nazifa, Mujd\u017ei\u0107 Samir, \u0160e\u0107i\u0107 Ned\u017ead, Avdi\u0107 Mirela, Pe\u0161tali\u0107 Elvir i Zrni\u0107 Selma<\/strong>, koji su \u010dlanovi \u0161kolskog Aktiva elektrotehnike i Op\u0107inskog aktiva nastavnika informatike srednjih \u0161kola u Grada\u010dcu. Tako\u0111e je u\u010destvovala i i Pekari\u0107 Kadi\u0107 Selma, stru\u010dni saradnik edukacijsko \u2013 rehabilitacijskog smjera (defektolog).<\/p>\n\n\n\n<p>&nbsp;&nbsp;&nbsp;&nbsp;&nbsp;&nbsp;&nbsp;&nbsp;&nbsp;&nbsp;&nbsp; Profesorica: Sarajli\u0107 Nazifa je organizovala radionicu u odjeljenjima I1 (13), I2 (9), I3 (11), I4 (13), I5 (8) i I9 (6). U\u010destvovalo je 38 u\u010denika I 22 u\u010denice, ukupno 60 u\u010denika\/ca.U\u010denici su se upoznali sa osnovama programiranja, prezentirane su im web stranice koje sadr\u017ee tutorijale za u\u010denje programskih jezika, nakon \u010dega su napravili svoj prvi program u C++ programskom jeziku (editovali, kompajlirali, testirali). U u\u010dionici je postavljen I prigodan plakat o Evropskoj sedmici kodoranja.<\/p>\n\n\n\n<p>&nbsp;&nbsp;&nbsp;&nbsp;&nbsp;&nbsp;&nbsp;&nbsp;&nbsp;&nbsp;&nbsp; U grupi prof. Mujd\u017ei\u0107 Samira u\u010destvovalo je 37 u\u010denica i 23 u\u010denika , ukupno 60 u\u010desnika\/ca iz 5 odjeljenja: I1 (14), I2 (12), I10 (11), I14 (12), II7 (11). U\u010denici su imali priliku da programiraju u C++ programskom jeziku. Svaki u\u010denik je napisao jednostavan program u C++ programskom jeziku te isti kompajlirao, ispravio eventualne sintaksi\u010dke gre\u0161ke i pokrenuo.<\/p>\n\n\n\n<p>&nbsp;&nbsp;&nbsp;&nbsp;&nbsp;&nbsp;&nbsp;&nbsp;&nbsp;&nbsp;&nbsp; U grupi prof. \u0160e\u0107i\u0107 Ned\u017eada u\u010destvovalo je ukupno 13 u\u010denika a u\u010denici su kroz zabavu u\u010dili programirati u C++ programskom jeziku i pri tome su nau\u010dili osnove ovog programskog jezika. Radionica je odr\u017eana 19.10.2023. u odjeljenju II-9, u \u010detvrtak.<\/p>\n\n\n\n<p>U grupi prof. Avdi\u0107 Mirele u\u010destvovalo je u ovoj velikoj edukativnoj akciji ukupno 10 u\u010denika iz odjeljenja I7 (poljoprivredni tehni\u010dari),a u\u010denici su kroz zabavu u\u010dili programirati u C++ programskom jeziku i pri tome su nau\u010dili osnove ovog programskog jezika. U organizaciji ove radionice je u\u010destvovala i Pekari\u0107 Kadi\u0107 Selma, stru\u010dni saradnik edukacijsko \u2013 rehabilitacijskog smjera (defektolog).<\/p>\n\n\n\n<p>U grupi prof. Pe\u0161tali\u0107 Elvira u\u010destvovalo je ukupno 10 u\u010denika, a u\u010denici su kroz zabavu u\u010dili programirati u C++ programskom jeziku i pri tome su nau\u010dili osnove ovog programskog jezika. Radionica je odr\u017eana 16.10.2023. u odjeljenju II-6 (kroja\u010d).<\/p>\n\n\n\n<p>U grupi dipl. Ing. Zrni\u0107 Selme 38 u\u010denika\/ca iz odjeljenja I-5 (11), I-9 (12) I I-14 (15). U\u010denici su kroz zabavu i kratke zadatke u\u010dili programirati u C programskom jeziku i pri tome su nau\u010dili osnove ovog programskog jezika.<\/p>\n\n\n\n<figure class=\"wp-block-gallery has-nested-images columns-default is-cropped wp-block-gallery-1 is-layout-flex wp-block-gallery-is-layout-flex\">\n<figure class=\"wp-block-image size-large\"><a href=\"https:\/\/www.msshkg.com.ba\/wp-content\/uploads\/2023\/10\/CWMS01.jpg\" target=\"_blank\" rel=\"noreferrer noopener\"><img loading=\"lazy\" decoding=\"async\" width=\"1024\" height=\"577\" data-id=\"1420\" src=\"https:\/\/www.msshkg.com.ba\/wp-content\/uploads\/2023\/10\/CWMS01-1024x577.jpg\" alt=\"\" class=\"wp-image-1420\" srcset=\"https:\/\/www.msshkg.com.ba\/wp-content\/uploads\/2023\/10\/CWMS01-1024x577.jpg 1024w, https:\/\/www.msshkg.com.ba\/wp-content\/uploads\/2023\/10\/CWMS01-300x169.jpg 300w, https:\/\/www.msshkg.com.ba\/wp-content\/uploads\/2023\/10\/CWMS01-768x432.jpg 768w, https:\/\/www.msshkg.com.ba\/wp-content\/uploads\/2023\/10\/CWMS01-1536x865.jpg 1536w, https:\/\/www.msshkg.com.ba\/wp-content\/uploads\/2023\/10\/CWMS01.jpg 2048w\" sizes=\"auto, (max-width: 1024px) 100vw, 1024px\" \/><\/a><\/figure>\n\n\n\n<figure class=\"wp-block-image size-large\"><a href=\"https:\/\/www.msshkg.com.ba\/wp-content\/uploads\/2023\/10\/CWMS02.jpg\" target=\"_blank\" rel=\"noreferrer noopener\"><img loading=\"lazy\" decoding=\"async\" width=\"1024\" height=\"577\" data-id=\"1421\" src=\"https:\/\/www.msshkg.com.ba\/wp-content\/uploads\/2023\/10\/CWMS02-1024x577.jpg\" alt=\"\" class=\"wp-image-1421\" srcset=\"https:\/\/www.msshkg.com.ba\/wp-content\/uploads\/2023\/10\/CWMS02-1024x577.jpg 1024w, https:\/\/www.msshkg.com.ba\/wp-content\/uploads\/2023\/10\/CWMS02-300x169.jpg 300w, https:\/\/www.msshkg.com.ba\/wp-content\/uploads\/2023\/10\/CWMS02-768x432.jpg 768w, https:\/\/www.msshkg.com.ba\/wp-content\/uploads\/2023\/10\/CWMS02-1536x865.jpg 1536w, https:\/\/www.msshkg.com.ba\/wp-content\/uploads\/2023\/10\/CWMS02.jpg 2048w\" sizes=\"auto, (max-width: 1024px) 100vw, 1024px\" \/><\/a><\/figure>\n\n\n\n<figure class=\"wp-block-image size-large\"><a href=\"https:\/\/www.msshkg.com.ba\/wp-content\/uploads\/2023\/10\/CWMS03.jpg\" target=\"_blank\" rel=\"noreferrer noopener\"><img loading=\"lazy\" decoding=\"async\" width=\"1024\" height=\"577\" data-id=\"1422\" src=\"https:\/\/www.msshkg.com.ba\/wp-content\/uploads\/2023\/10\/CWMS03-1024x577.jpg\" alt=\"\" class=\"wp-image-1422\" srcset=\"https:\/\/www.msshkg.com.ba\/wp-content\/uploads\/2023\/10\/CWMS03-1024x577.jpg 1024w, https:\/\/www.msshkg.com.ba\/wp-content\/uploads\/2023\/10\/CWMS03-300x169.jpg 300w, https:\/\/www.msshkg.com.ba\/wp-content\/uploads\/2023\/10\/CWMS03-768x432.jpg 768w, https:\/\/www.msshkg.com.ba\/wp-content\/uploads\/2023\/10\/CWMS03-1536x865.jpg 1536w, https:\/\/www.msshkg.com.ba\/wp-content\/uploads\/2023\/10\/CWMS03.jpg 2048w\" sizes=\"auto, (max-width: 1024px) 100vw, 1024px\" \/><\/a><\/figure>\n\n\n\n<figure class=\"wp-block-image size-large\"><a href=\"https:\/\/www.msshkg.com.ba\/wp-content\/uploads\/2023\/10\/CWMS04.jpg\" target=\"_blank\" rel=\"noreferrer noopener\"><img loading=\"lazy\" decoding=\"async\" width=\"1024\" height=\"577\" data-id=\"1419\" src=\"https:\/\/www.msshkg.com.ba\/wp-content\/uploads\/2023\/10\/CWMS04-1024x577.jpg\" alt=\"\" class=\"wp-image-1419\" srcset=\"https:\/\/www.msshkg.com.ba\/wp-content\/uploads\/2023\/10\/CWMS04-1024x577.jpg 1024w, https:\/\/www.msshkg.com.ba\/wp-content\/uploads\/2023\/10\/CWMS04-300x169.jpg 300w, https:\/\/www.msshkg.com.ba\/wp-content\/uploads\/2023\/10\/CWMS04-768x432.jpg 768w, https:\/\/www.msshkg.com.ba\/wp-content\/uploads\/2023\/10\/CWMS04-1536x865.jpg 1536w, https:\/\/www.msshkg.com.ba\/wp-content\/uploads\/2023\/10\/CWMS04.jpg 2048w\" sizes=\"auto, (max-width: 1024px) 100vw, 1024px\" \/><\/a><\/figure>\n\n\n\n<figure class=\"wp-block-image size-large\"><a href=\"https:\/\/www.msshkg.com.ba\/wp-content\/uploads\/2023\/10\/CWSN01.jpg\" target=\"_blank\" rel=\"noreferrer noopener\"><img loading=\"lazy\" decoding=\"async\" width=\"768\" height=\"1024\" data-id=\"1426\" src=\"https:\/\/www.msshkg.com.ba\/wp-content\/uploads\/2023\/10\/CWSN01.jpg\" alt=\"\" class=\"wp-image-1426\" srcset=\"https:\/\/www.msshkg.com.ba\/wp-content\/uploads\/2023\/10\/CWSN01.jpg 768w, https:\/\/www.msshkg.com.ba\/wp-content\/uploads\/2023\/10\/CWSN01-225x300.jpg 225w\" sizes=\"auto, (max-width: 768px) 100vw, 768px\" \/><\/a><\/figure>\n\n\n\n<figure class=\"wp-block-image size-large\"><a href=\"https:\/\/www.msshkg.com.ba\/wp-content\/uploads\/2023\/10\/CWSN02.jpg\" target=\"_blank\" rel=\"noreferrer noopener\"><img loading=\"lazy\" decoding=\"async\" width=\"1024\" height=\"768\" data-id=\"1423\" src=\"https:\/\/www.msshkg.com.ba\/wp-content\/uploads\/2023\/10\/CWSN02.jpg\" alt=\"\" class=\"wp-image-1423\" srcset=\"https:\/\/www.msshkg.com.ba\/wp-content\/uploads\/2023\/10\/CWSN02.jpg 1024w, https:\/\/www.msshkg.com.ba\/wp-content\/uploads\/2023\/10\/CWSN02-300x225.jpg 300w, https:\/\/www.msshkg.com.ba\/wp-content\/uploads\/2023\/10\/CWSN02-768x576.jpg 768w\" sizes=\"auto, (max-width: 1024px) 100vw, 1024px\" \/><\/a><\/figure>\n\n\n\n<figure class=\"wp-block-image size-large\"><a href=\"https:\/\/www.msshkg.com.ba\/wp-content\/uploads\/2023\/10\/CWSN03.jpg\" target=\"_blank\" rel=\"noreferrer noopener\"><img loading=\"lazy\" decoding=\"async\" width=\"768\" height=\"1024\" data-id=\"1424\" src=\"https:\/\/www.msshkg.com.ba\/wp-content\/uploads\/2023\/10\/CWSN03.jpg\" alt=\"\" class=\"wp-image-1424\" srcset=\"https:\/\/www.msshkg.com.ba\/wp-content\/uploads\/2023\/10\/CWSN03.jpg 768w, https:\/\/www.msshkg.com.ba\/wp-content\/uploads\/2023\/10\/CWSN03-225x300.jpg 225w\" sizes=\"auto, (max-width: 768px) 100vw, 768px\" \/><\/a><\/figure>\n\n\n\n<figure class=\"wp-block-image size-large\"><a href=\"https:\/\/www.msshkg.com.ba\/wp-content\/uploads\/2023\/10\/CWSN04.jpg\" target=\"_blank\" rel=\"noreferrer noopener\"><img loading=\"lazy\" decoding=\"async\" width=\"768\" height=\"1024\" data-id=\"1425\" src=\"https:\/\/www.msshkg.com.ba\/wp-content\/uploads\/2023\/10\/CWSN04.jpg\" alt=\"\" class=\"wp-image-1425\" srcset=\"https:\/\/www.msshkg.com.ba\/wp-content\/uploads\/2023\/10\/CWSN04.jpg 768w, https:\/\/www.msshkg.com.ba\/wp-content\/uploads\/2023\/10\/CWSN04-225x300.jpg 225w\" sizes=\"auto, (max-width: 768px) 100vw, 768px\" \/><\/a><\/figure>\n<\/figure>\n<div style=\"margin-top: 0px; margin-bottom: 0px;\" class=\"sharethis-inline-share-buttons\" ><\/div>","protected":false},"excerpt":{"rendered":"<p>Povodom Evropske sedmice kodiranja, koja je ove godine obilje\u017eena od 7. do 22. oktobra 2023. godine, u\u010denici na\u0161e \u0161kole su kao i ranijih godina, u cilju promovisanja programiranja, u\u010destvovali u obilje\u017eavanju ovog zna\u010dajnog doga\u0111aja. Radionice \u201eEU Code Week\u201cu na\u0161oj \u0161koli su organizovali profesori: Sarajli\u0107 Nazifa, Mujd\u017ei\u0107 Samir, \u0160e\u0107i\u0107 Ned\u017ead, Avdi\u0107 Mirela, Pe\u0161tali\u0107 Elvir i Zrni\u0107 [&hellip;]<\/p>\n","protected":false},"author":1,"featured_media":1428,"comment_status":"open","ping_status":"open","sticky":false,"template":"","format":"standard","meta":{"_bbp_topic_count":0,"_bbp_reply_count":0,"_bbp_total_topic_count":0,"_bbp_total_reply_count":0,"_bbp_voice_count":0,"_bbp_anonymous_reply_count":0,"_bbp_topic_count_hidden":0,"_bbp_reply_count_hidden":0,"_bbp_forum_subforum_count":0,"footnotes":""},"categories":[3],"tags":[],"class_list":["post-1418","post","type-post","status-publish","format-standard","has-post-thumbnail","hentry","category-naslovnica"],"yoast_head":"<!-- This site is optimized with the Yoast SEO plugin v26.0 - https:\/\/yoast.com\/wordpress\/plugins\/seo\/ -->\n<title>Edukacija u\u010denika kroz radionice povodom Evropske sedmice kodiranja 2023 - Mje\u0161ovita srednja \u0161kola &quot;Hasan Kiki\u0107&quot; Grada\u010dac<\/title>\n<meta name=\"robots\" content=\"index, follow, max-snippet:-1, max-image-preview:large, max-video-preview:-1\" \/>\n<link rel=\"canonical\" href=\"https:\/\/www.msshkg.com.ba\/index.php\/2023\/10\/31\/edukacija-ucenika-kroz-radionice-povodom-evropske-sedmice-kodiranja-2023\/\" \/>\n<meta property=\"og:locale\" content=\"bs_BA\" \/>\n<meta property=\"og:type\" content=\"article\" \/>\n<meta property=\"og:title\" content=\"Edukacija u\u010denika kroz radionice povodom Evropske sedmice kodiranja 2023 - Mje\u0161ovita srednja \u0161kola &quot;Hasan Kiki\u0107&quot; Grada\u010dac\" \/>\n<meta property=\"og:description\" content=\"Povodom Evropske sedmice kodiranja, koja je ove godine obilje\u017eena od 7. do 22. oktobra 2023. godine, u\u010denici na\u0161e \u0161kole su kao i ranijih godina, u cilju promovisanja programiranja, u\u010destvovali u obilje\u017eavanju ovog zna\u010dajnog doga\u0111aja. Radionice \u201eEU Code Week\u201cu na\u0161oj \u0161koli su organizovali profesori: Sarajli\u0107 Nazifa, Mujd\u017ei\u0107 Samir, \u0160e\u0107i\u0107 Ned\u017ead, Avdi\u0107 Mirela, Pe\u0161tali\u0107 Elvir i Zrni\u0107 [&hellip;]\" \/>\n<meta property=\"og:url\" content=\"https:\/\/www.msshkg.com.ba\/index.php\/2023\/10\/31\/edukacija-ucenika-kroz-radionice-povodom-evropske-sedmice-kodiranja-2023\/\" \/>\n<meta property=\"og:site_name\" content=\"Mje\u0161ovita srednja \u0161kola &quot;Hasan Kiki\u0107&quot; Grada\u010dac\" \/>\n<meta property=\"article:published_time\" content=\"2023-10-31T11:04:07+00:00\" \/>\n<meta property=\"article:modified_time\" content=\"2023-10-31T11:08:05+00:00\" \/>\n<meta property=\"og:image\" content=\"https:\/\/www.msshkg.com.ba\/wp-content\/uploads\/2023\/10\/CWNaslovna-e1698750299171.jpg\" \/>\n\t<meta property=\"og:image:width\" content=\"185\" \/>\n\t<meta property=\"og:image:height\" content=\"255\" \/>\n\t<meta property=\"og:image:type\" content=\"image\/jpeg\" \/>\n<meta name=\"author\" content=\"Samir Mujdzic\" \/>\n<meta name=\"twitter:card\" content=\"summary_large_image\" \/>\n<meta name=\"twitter:label1\" content=\"Written by\" \/>\n\t<meta name=\"twitter:data1\" content=\"Samir Mujdzic\" \/>\n\t<meta name=\"twitter:label2\" content=\"Est. reading time\" \/>\n\t<meta name=\"twitter:data2\" content=\"4 minute\" \/>\n<script type=\"application\/ld+json\" class=\"yoast-schema-graph\">{\"@context\":\"https:\/\/schema.org\",\"@graph\":[{\"@type\":\"Article\",\"@id\":\"https:\/\/www.msshkg.com.ba\/index.php\/2023\/10\/31\/edukacija-ucenika-kroz-radionice-povodom-evropske-sedmice-kodiranja-2023\/#article\",\"isPartOf\":{\"@id\":\"https:\/\/www.msshkg.com.ba\/index.php\/2023\/10\/31\/edukacija-ucenika-kroz-radionice-povodom-evropske-sedmice-kodiranja-2023\/\"},\"author\":{\"name\":\"Samir Mujdzic\",\"@id\":\"https:\/\/www.msshkg.com.ba\/#\/schema\/person\/3122c1c496e5835573e6c75c805130f5\"},\"headline\":\"Edukacija u\u010denika kroz radionice povodom Evropske sedmice kodiranja 2023\",\"datePublished\":\"2023-10-31T11:04:07+00:00\",\"dateModified\":\"2023-10-31T11:08:05+00:00\",\"mainEntityOfPage\":{\"@id\":\"https:\/\/www.msshkg.com.ba\/index.php\/2023\/10\/31\/edukacija-ucenika-kroz-radionice-povodom-evropske-sedmice-kodiranja-2023\/\"},\"wordCount\":466,\"commentCount\":0,\"publisher\":{\"@id\":\"https:\/\/www.msshkg.com.ba\/#organization\"},\"image\":{\"@id\":\"https:\/\/www.msshkg.com.ba\/index.php\/2023\/10\/31\/edukacija-ucenika-kroz-radionice-povodom-evropske-sedmice-kodiranja-2023\/#primaryimage\"},\"thumbnailUrl\":\"https:\/\/www.msshkg.com.ba\/wp-content\/uploads\/2023\/10\/CWNaslovna-e1698750299171.jpg\",\"articleSection\":[\"Naslovnica\"],\"inLanguage\":\"bs-BA\",\"potentialAction\":[{\"@type\":\"CommentAction\",\"name\":\"Comment\",\"target\":[\"https:\/\/www.msshkg.com.ba\/index.php\/2023\/10\/31\/edukacija-ucenika-kroz-radionice-povodom-evropske-sedmice-kodiranja-2023\/#respond\"]}]},{\"@type\":\"WebPage\",\"@id\":\"https:\/\/www.msshkg.com.ba\/index.php\/2023\/10\/31\/edukacija-ucenika-kroz-radionice-povodom-evropske-sedmice-kodiranja-2023\/\",\"url\":\"https:\/\/www.msshkg.com.ba\/index.php\/2023\/10\/31\/edukacija-ucenika-kroz-radionice-povodom-evropske-sedmice-kodiranja-2023\/\",\"name\":\"Edukacija u\u010denika kroz radionice povodom Evropske sedmice kodiranja 2023 - Mje\u0161ovita srednja \u0161kola &quot;Hasan Kiki\u0107&quot; Grada\u010dac\",\"isPartOf\":{\"@id\":\"https:\/\/www.msshkg.com.ba\/#website\"},\"primaryImageOfPage\":{\"@id\":\"https:\/\/www.msshkg.com.ba\/index.php\/2023\/10\/31\/edukacija-ucenika-kroz-radionice-povodom-evropske-sedmice-kodiranja-2023\/#primaryimage\"},\"image\":{\"@id\":\"https:\/\/www.msshkg.com.ba\/index.php\/2023\/10\/31\/edukacija-ucenika-kroz-radionice-povodom-evropske-sedmice-kodiranja-2023\/#primaryimage\"},\"thumbnailUrl\":\"https:\/\/www.msshkg.com.ba\/wp-content\/uploads\/2023\/10\/CWNaslovna-e1698750299171.jpg\",\"datePublished\":\"2023-10-31T11:04:07+00:00\",\"dateModified\":\"2023-10-31T11:08:05+00:00\",\"breadcrumb\":{\"@id\":\"https:\/\/www.msshkg.com.ba\/index.php\/2023\/10\/31\/edukacija-ucenika-kroz-radionice-povodom-evropske-sedmice-kodiranja-2023\/#breadcrumb\"},\"inLanguage\":\"bs-BA\",\"potentialAction\":[{\"@type\":\"ReadAction\",\"target\":[\"https:\/\/www.msshkg.com.ba\/index.php\/2023\/10\/31\/edukacija-ucenika-kroz-radionice-povodom-evropske-sedmice-kodiranja-2023\/\"]}]},{\"@type\":\"ImageObject\",\"inLanguage\":\"bs-BA\",\"@id\":\"https:\/\/www.msshkg.com.ba\/index.php\/2023\/10\/31\/edukacija-ucenika-kroz-radionice-povodom-evropske-sedmice-kodiranja-2023\/#primaryimage\",\"url\":\"https:\/\/www.msshkg.com.ba\/wp-content\/uploads\/2023\/10\/CWNaslovna-e1698750299171.jpg\",\"contentUrl\":\"https:\/\/www.msshkg.com.ba\/wp-content\/uploads\/2023\/10\/CWNaslovna-e1698750299171.jpg\",\"width\":185,\"height\":255},{\"@type\":\"BreadcrumbList\",\"@id\":\"https:\/\/www.msshkg.com.ba\/index.php\/2023\/10\/31\/edukacija-ucenika-kroz-radionice-povodom-evropske-sedmice-kodiranja-2023\/#breadcrumb\",\"itemListElement\":[{\"@type\":\"ListItem\",\"position\":1,\"name\":\"Home\",\"item\":\"https:\/\/www.msshkg.com.ba\/\"},{\"@type\":\"ListItem\",\"position\":2,\"name\":\"Edukacija u\u010denika kroz radionice povodom Evropske sedmice kodiranja 2023\"}]},{\"@type\":\"WebSite\",\"@id\":\"https:\/\/www.msshkg.com.ba\/#website\",\"url\":\"https:\/\/www.msshkg.com.ba\/\",\"name\":\"Mje\u0161ovita srednja \u0161kola &quot;Hasan Kiki\u0107&quot; Grada\u010dac\",\"description\":\"\",\"publisher\":{\"@id\":\"https:\/\/www.msshkg.com.ba\/#organization\"},\"potentialAction\":[{\"@type\":\"SearchAction\",\"target\":{\"@type\":\"EntryPoint\",\"urlTemplate\":\"https:\/\/www.msshkg.com.ba\/?s={search_term_string}\"},\"query-input\":{\"@type\":\"PropertyValueSpecification\",\"valueRequired\":true,\"valueName\":\"search_term_string\"}}],\"inLanguage\":\"bs-BA\"},{\"@type\":\"Organization\",\"@id\":\"https:\/\/www.msshkg.com.ba\/#organization\",\"name\":\"Mje\u0161ovita srednja \u0161kola &quot;Hasan Kiki\u0107&quot; Grada\u010dac\",\"url\":\"https:\/\/www.msshkg.com.ba\/\",\"logo\":{\"@type\":\"ImageObject\",\"inLanguage\":\"bs-BA\",\"@id\":\"https:\/\/www.msshkg.com.ba\/#\/schema\/logo\/image\/\",\"url\":\"https:\/\/www.msshkg.com.ba\/wp-content\/uploads\/2022\/01\/LogoWeb2.jpg\",\"contentUrl\":\"https:\/\/www.msshkg.com.ba\/wp-content\/uploads\/2022\/01\/LogoWeb2.jpg\",\"width\":150,\"height\":150,\"caption\":\"Mje\u0161ovita srednja \u0161kola &quot;Hasan Kiki\u0107&quot; Grada\u010dac\"},\"image\":{\"@id\":\"https:\/\/www.msshkg.com.ba\/#\/schema\/logo\/image\/\"}},{\"@type\":\"Person\",\"@id\":\"https:\/\/www.msshkg.com.ba\/#\/schema\/person\/3122c1c496e5835573e6c75c805130f5\",\"name\":\"Samir Mujdzic\",\"image\":{\"@type\":\"ImageObject\",\"inLanguage\":\"bs-BA\",\"@id\":\"https:\/\/www.msshkg.com.ba\/#\/schema\/person\/image\/\",\"url\":\"https:\/\/secure.gravatar.com\/avatar\/ba7bd829c959fc2571729de7fcc679ab2b1e4403a1e9afc53e0914dee72df5d4?s=96&d=mm&r=g\",\"contentUrl\":\"https:\/\/secure.gravatar.com\/avatar\/ba7bd829c959fc2571729de7fcc679ab2b1e4403a1e9afc53e0914dee72df5d4?s=96&d=mm&r=g\",\"caption\":\"Samir Mujdzic\"},\"sameAs\":[\"https:\/\/www.msshkg.com.ba\"],\"url\":\"https:\/\/www.msshkg.com.ba\/index.php\/author\/samir\/\"}]}<\/script>\n<!-- \/ Yoast SEO plugin. -->","yoast_head_json":{"title":"Edukacija u\u010denika kroz radionice povodom Evropske sedmice kodiranja 2023 - Mje\u0161ovita srednja \u0161kola &quot;Hasan Kiki\u0107&quot; Grada\u010dac","robots":{"index":"index","follow":"follow","max-snippet":"max-snippet:-1","max-image-preview":"max-image-preview:large","max-video-preview":"max-video-preview:-1"},"canonical":"https:\/\/www.msshkg.com.ba\/index.php\/2023\/10\/31\/edukacija-ucenika-kroz-radionice-povodom-evropske-sedmice-kodiranja-2023\/","og_locale":"bs_BA","og_type":"article","og_title":"Edukacija u\u010denika kroz radionice povodom Evropske sedmice kodiranja 2023 - Mje\u0161ovita srednja \u0161kola &quot;Hasan Kiki\u0107&quot; Grada\u010dac","og_description":"Povodom Evropske sedmice kodiranja, koja je ove godine obilje\u017eena od 7. do 22. oktobra 2023. godine, u\u010denici na\u0161e \u0161kole su kao i ranijih godina, u cilju promovisanja programiranja, u\u010destvovali u obilje\u017eavanju ovog zna\u010dajnog doga\u0111aja. Radionice \u201eEU Code Week\u201cu na\u0161oj \u0161koli su organizovali profesori: Sarajli\u0107 Nazifa, Mujd\u017ei\u0107 Samir, \u0160e\u0107i\u0107 Ned\u017ead, Avdi\u0107 Mirela, Pe\u0161tali\u0107 Elvir i Zrni\u0107 [&hellip;]","og_url":"https:\/\/www.msshkg.com.ba\/index.php\/2023\/10\/31\/edukacija-ucenika-kroz-radionice-povodom-evropske-sedmice-kodiranja-2023\/","og_site_name":"Mje\u0161ovita srednja \u0161kola &quot;Hasan Kiki\u0107&quot; Grada\u010dac","article_published_time":"2023-10-31T11:04:07+00:00","article_modified_time":"2023-10-31T11:08:05+00:00","og_image":[{"width":185,"height":255,"url":"https:\/\/www.msshkg.com.ba\/wp-content\/uploads\/2023\/10\/CWNaslovna-e1698750299171.jpg","type":"image\/jpeg"}],"author":"Samir Mujdzic","twitter_card":"summary_large_image","twitter_misc":{"Written by":"Samir Mujdzic","Est. reading time":"4 minute"},"schema":{"@context":"https:\/\/schema.org","@graph":[{"@type":"Article","@id":"https:\/\/www.msshkg.com.ba\/index.php\/2023\/10\/31\/edukacija-ucenika-kroz-radionice-povodom-evropske-sedmice-kodiranja-2023\/#article","isPartOf":{"@id":"https:\/\/www.msshkg.com.ba\/index.php\/2023\/10\/31\/edukacija-ucenika-kroz-radionice-povodom-evropske-sedmice-kodiranja-2023\/"},"author":{"name":"Samir Mujdzic","@id":"https:\/\/www.msshkg.com.ba\/#\/schema\/person\/3122c1c496e5835573e6c75c805130f5"},"headline":"Edukacija u\u010denika kroz radionice povodom Evropske sedmice kodiranja 2023","datePublished":"2023-10-31T11:04:07+00:00","dateModified":"2023-10-31T11:08:05+00:00","mainEntityOfPage":{"@id":"https:\/\/www.msshkg.com.ba\/index.php\/2023\/10\/31\/edukacija-ucenika-kroz-radionice-povodom-evropske-sedmice-kodiranja-2023\/"},"wordCount":466,"commentCount":0,"publisher":{"@id":"https:\/\/www.msshkg.com.ba\/#organization"},"image":{"@id":"https:\/\/www.msshkg.com.ba\/index.php\/2023\/10\/31\/edukacija-ucenika-kroz-radionice-povodom-evropske-sedmice-kodiranja-2023\/#primaryimage"},"thumbnailUrl":"https:\/\/www.msshkg.com.ba\/wp-content\/uploads\/2023\/10\/CWNaslovna-e1698750299171.jpg","articleSection":["Naslovnica"],"inLanguage":"bs-BA","potentialAction":[{"@type":"CommentAction","name":"Comment","target":["https:\/\/www.msshkg.com.ba\/index.php\/2023\/10\/31\/edukacija-ucenika-kroz-radionice-povodom-evropske-sedmice-kodiranja-2023\/#respond"]}]},{"@type":"WebPage","@id":"https:\/\/www.msshkg.com.ba\/index.php\/2023\/10\/31\/edukacija-ucenika-kroz-radionice-povodom-evropske-sedmice-kodiranja-2023\/","url":"https:\/\/www.msshkg.com.ba\/index.php\/2023\/10\/31\/edukacija-ucenika-kroz-radionice-povodom-evropske-sedmice-kodiranja-2023\/","name":"Edukacija u\u010denika kroz radionice povodom Evropske sedmice kodiranja 2023 - Mje\u0161ovita srednja \u0161kola &quot;Hasan Kiki\u0107&quot; Grada\u010dac","isPartOf":{"@id":"https:\/\/www.msshkg.com.ba\/#website"},"primaryImageOfPage":{"@id":"https:\/\/www.msshkg.com.ba\/index.php\/2023\/10\/31\/edukacija-ucenika-kroz-radionice-povodom-evropske-sedmice-kodiranja-2023\/#primaryimage"},"image":{"@id":"https:\/\/www.msshkg.com.ba\/index.php\/2023\/10\/31\/edukacija-ucenika-kroz-radionice-povodom-evropske-sedmice-kodiranja-2023\/#primaryimage"},"thumbnailUrl":"https:\/\/www.msshkg.com.ba\/wp-content\/uploads\/2023\/10\/CWNaslovna-e1698750299171.jpg","datePublished":"2023-10-31T11:04:07+00:00","dateModified":"2023-10-31T11:08:05+00:00","breadcrumb":{"@id":"https:\/\/www.msshkg.com.ba\/index.php\/2023\/10\/31\/edukacija-ucenika-kroz-radionice-povodom-evropske-sedmice-kodiranja-2023\/#breadcrumb"},"inLanguage":"bs-BA","potentialAction":[{"@type":"ReadAction","target":["https:\/\/www.msshkg.com.ba\/index.php\/2023\/10\/31\/edukacija-ucenika-kroz-radionice-povodom-evropske-sedmice-kodiranja-2023\/"]}]},{"@type":"ImageObject","inLanguage":"bs-BA","@id":"https:\/\/www.msshkg.com.ba\/index.php\/2023\/10\/31\/edukacija-ucenika-kroz-radionice-povodom-evropske-sedmice-kodiranja-2023\/#primaryimage","url":"https:\/\/www.msshkg.com.ba\/wp-content\/uploads\/2023\/10\/CWNaslovna-e1698750299171.jpg","contentUrl":"https:\/\/www.msshkg.com.ba\/wp-content\/uploads\/2023\/10\/CWNaslovna-e1698750299171.jpg","width":185,"height":255},{"@type":"BreadcrumbList","@id":"https:\/\/www.msshkg.com.ba\/index.php\/2023\/10\/31\/edukacija-ucenika-kroz-radionice-povodom-evropske-sedmice-kodiranja-2023\/#breadcrumb","itemListElement":[{"@type":"ListItem","position":1,"name":"Home","item":"https:\/\/www.msshkg.com.ba\/"},{"@type":"ListItem","position":2,"name":"Edukacija u\u010denika kroz radionice povodom Evropske sedmice kodiranja 2023"}]},{"@type":"WebSite","@id":"https:\/\/www.msshkg.com.ba\/#website","url":"https:\/\/www.msshkg.com.ba\/","name":"Mje\u0161ovita srednja \u0161kola &quot;Hasan Kiki\u0107&quot; Grada\u010dac","description":"","publisher":{"@id":"https:\/\/www.msshkg.com.ba\/#organization"},"potentialAction":[{"@type":"SearchAction","target":{"@type":"EntryPoint","urlTemplate":"https:\/\/www.msshkg.com.ba\/?s={search_term_string}"},"query-input":{"@type":"PropertyValueSpecification","valueRequired":true,"valueName":"search_term_string"}}],"inLanguage":"bs-BA"},{"@type":"Organization","@id":"https:\/\/www.msshkg.com.ba\/#organization","name":"Mje\u0161ovita srednja \u0161kola &quot;Hasan Kiki\u0107&quot; Grada\u010dac","url":"https:\/\/www.msshkg.com.ba\/","logo":{"@type":"ImageObject","inLanguage":"bs-BA","@id":"https:\/\/www.msshkg.com.ba\/#\/schema\/logo\/image\/","url":"https:\/\/www.msshkg.com.ba\/wp-content\/uploads\/2022\/01\/LogoWeb2.jpg","contentUrl":"https:\/\/www.msshkg.com.ba\/wp-content\/uploads\/2022\/01\/LogoWeb2.jpg","width":150,"height":150,"caption":"Mje\u0161ovita srednja \u0161kola &quot;Hasan Kiki\u0107&quot; Grada\u010dac"},"image":{"@id":"https:\/\/www.msshkg.com.ba\/#\/schema\/logo\/image\/"}},{"@type":"Person","@id":"https:\/\/www.msshkg.com.ba\/#\/schema\/person\/3122c1c496e5835573e6c75c805130f5","name":"Samir Mujdzic","image":{"@type":"ImageObject","inLanguage":"bs-BA","@id":"https:\/\/www.msshkg.com.ba\/#\/schema\/person\/image\/","url":"https:\/\/secure.gravatar.com\/avatar\/ba7bd829c959fc2571729de7fcc679ab2b1e4403a1e9afc53e0914dee72df5d4?s=96&d=mm&r=g","contentUrl":"https:\/\/secure.gravatar.com\/avatar\/ba7bd829c959fc2571729de7fcc679ab2b1e4403a1e9afc53e0914dee72df5d4?s=96&d=mm&r=g","caption":"Samir Mujdzic"},"sameAs":["https:\/\/www.msshkg.com.ba"],"url":"https:\/\/www.msshkg.com.ba\/index.php\/author\/samir\/"}]}},"_links":{"self":[{"href":"https:\/\/www.msshkg.com.ba\/index.php\/wp-json\/wp\/v2\/posts\/1418","targetHints":{"allow":["GET"]}}],"collection":[{"href":"https:\/\/www.msshkg.com.ba\/index.php\/wp-json\/wp\/v2\/posts"}],"about":[{"href":"https:\/\/www.msshkg.com.ba\/index.php\/wp-json\/wp\/v2\/types\/post"}],"author":[{"embeddable":true,"href":"https:\/\/www.msshkg.com.ba\/index.php\/wp-json\/wp\/v2\/users\/1"}],"replies":[{"embeddable":true,"href":"https:\/\/www.msshkg.com.ba\/index.php\/wp-json\/wp\/v2\/comments?post=1418"}],"version-history":[{"count":2,"href":"https:\/\/www.msshkg.com.ba\/index.php\/wp-json\/wp\/v2\/posts\/1418\/revisions"}],"predecessor-version":[{"id":1431,"href":"https:\/\/www.msshkg.com.ba\/index.php\/wp-json\/wp\/v2\/posts\/1418\/revisions\/1431"}],"wp:featuredmedia":[{"embeddable":true,"href":"https:\/\/www.msshkg.com.ba\/index.php\/wp-json\/wp\/v2\/media\/1428"}],"wp:attachment":[{"href":"https:\/\/www.msshkg.com.ba\/index.php\/wp-json\/wp\/v2\/media?parent=1418"}],"wp:term":[{"taxonomy":"category","embeddable":true,"href":"https:\/\/www.msshkg.com.ba\/index.php\/wp-json\/wp\/v2\/categories?post=1418"},{"taxonomy":"post_tag","embeddable":true,"href":"https:\/\/www.msshkg.com.ba\/index.php\/wp-json\/wp\/v2\/tags?post=1418"}],"curies":[{"name":"wp","href":"https:\/\/api.w.org\/{rel}","templated":true}]}}