{"id":1245,"date":"2022-12-29T09:00:00","date_gmt":"2022-12-29T08:00:00","guid":{"rendered":"https:\/\/www.msshkg.com.ba\/?p=1245"},"modified":"2022-12-29T09:29:48","modified_gmt":"2022-12-29T08:29:48","slug":"uspjeh-nasih-ucenica-na-13-festivalu-rada-srednjih-tehnickih-i-strucnih-skola-bih","status":"publish","type":"post","link":"https:\/\/www.msshkg.com.ba\/index.php\/2022\/12\/29\/uspjeh-nasih-ucenica-na-13-festivalu-rada-srednjih-tehnickih-i-strucnih-skola-bih\/","title":{"rendered":"<strong>Uspjeh na\u0161ih u\u010denica na 13. Festivalu rada srednjih tehni\u010dkih i stru\u010dnih \u0161kola BiH<\/strong>"},"content":{"rendered":"\n<p>Na <strong>13. Festivalu rada srednjih tehni\u010dkih i stru\u010dnih \u0161kola BiH<\/strong> na\u0161e u\u010denice su 12.12.2022. zauzele sljede\u0107a mjesta:<\/p>\n\n\n\n<p><strong>1. mjesto<\/strong> &#8211; <strong>Mahmutovi\u0107 Aj\u0161a<\/strong> za crtani film<\/p>\n\n\n\n<p><strong>1. mjesto<\/strong> &#8211; <strong>Omerovi\u0107 Edisa<\/strong> za dokumentarni film \u201cOti\u0107i ili ostati\u201d<\/p>\n\n\n\n<p><strong>3. mjesto<\/strong> &#8211; <strong>D\u017eini\u0107 Lejla<\/strong> za spot \u201c4 godi\u0161nja doba kroz o\u010di sanjara\u201d<\/p>\n\n\n\n<p>Mentorica u\u010denicama je bila profesorica Sarajli\u0107 Nazifa.<\/p>\n\n\n\n<figure class=\"wp-block-gallery has-nested-images columns-default is-cropped wp-block-gallery-1 is-layout-flex wp-block-gallery-is-layout-flex\">\n<figure class=\"wp-block-image size-large\"><a href=\"https:\/\/www.msshkg.com.ba\/wp-content\/uploads\/2022\/12\/1-Ajsa-Mahmutovic.jpg\"><img loading=\"lazy\" decoding=\"async\" width=\"768\" height=\"1024\" data-id=\"1248\" src=\"https:\/\/www.msshkg.com.ba\/wp-content\/uploads\/2022\/12\/1-Ajsa-Mahmutovic-768x1024.jpg\" alt=\"\" class=\"wp-image-1248\" srcset=\"https:\/\/www.msshkg.com.ba\/wp-content\/uploads\/2022\/12\/1-Ajsa-Mahmutovic-768x1024.jpg 768w, https:\/\/www.msshkg.com.ba\/wp-content\/uploads\/2022\/12\/1-Ajsa-Mahmutovic-225x300.jpg 225w, https:\/\/www.msshkg.com.ba\/wp-content\/uploads\/2022\/12\/1-Ajsa-Mahmutovic.jpg 1024w\" sizes=\"auto, (max-width: 768px) 100vw, 768px\" \/><\/a><\/figure>\n\n\n\n<figure class=\"wp-block-image size-large\"><a href=\"https:\/\/www.msshkg.com.ba\/wp-content\/uploads\/2022\/12\/1-Edisa-Omerovic.jpg\"><img loading=\"lazy\" decoding=\"async\" width=\"768\" height=\"1024\" data-id=\"1246\" src=\"https:\/\/www.msshkg.com.ba\/wp-content\/uploads\/2022\/12\/1-Edisa-Omerovic-768x1024.jpg\" alt=\"\" class=\"wp-image-1246\" srcset=\"https:\/\/www.msshkg.com.ba\/wp-content\/uploads\/2022\/12\/1-Edisa-Omerovic-768x1024.jpg 768w, https:\/\/www.msshkg.com.ba\/wp-content\/uploads\/2022\/12\/1-Edisa-Omerovic-225x300.jpg 225w, https:\/\/www.msshkg.com.ba\/wp-content\/uploads\/2022\/12\/1-Edisa-Omerovic.jpg 1024w\" sizes=\"auto, (max-width: 768px) 100vw, 768px\" \/><\/a><\/figure>\n\n\n\n<figure class=\"wp-block-image size-large\"><a href=\"https:\/\/www.msshkg.com.ba\/wp-content\/uploads\/2022\/12\/3-Lejla-Dzinic.jpg\"><img loading=\"lazy\" decoding=\"async\" width=\"741\" height=\"1024\" data-id=\"1247\" src=\"https:\/\/www.msshkg.com.ba\/wp-content\/uploads\/2022\/12\/3-Lejla-Dzinic-741x1024.jpg\" alt=\"\" class=\"wp-image-1247\" srcset=\"https:\/\/www.msshkg.com.ba\/wp-content\/uploads\/2022\/12\/3-Lejla-Dzinic-741x1024.jpg 741w, https:\/\/www.msshkg.com.ba\/wp-content\/uploads\/2022\/12\/3-Lejla-Dzinic-217x300.jpg 217w, https:\/\/www.msshkg.com.ba\/wp-content\/uploads\/2022\/12\/3-Lejla-Dzinic-768x1061.jpg 768w, https:\/\/www.msshkg.com.ba\/wp-content\/uploads\/2022\/12\/3-Lejla-Dzinic.jpg 1024w\" sizes=\"auto, (max-width: 741px) 100vw, 741px\" \/><\/a><\/figure>\n<\/figure>\n\n\n\n<p>Za sve 3 kategorije filmova dodijeljene su diplome u\u010denicama, a tako\u0111e i \u0161koli. Na\u0161a \u0161kola je tako\u0111e zauzela i <strong>1. mjesto u disciplini film \u2013 ukupan plasman<\/strong>.<\/p>\n\n\n\n<figure class=\"wp-block-gallery has-nested-images columns-default is-cropped wp-block-gallery-2 is-layout-flex wp-block-gallery-is-layout-flex\">\n<figure class=\"wp-block-image size-large\"><a href=\"https:\/\/www.msshkg.com.ba\/wp-content\/uploads\/2022\/12\/1-Mahmutovic-Ajsa-animirani.jpg\"><img loading=\"lazy\" decoding=\"async\" width=\"735\" height=\"1024\" data-id=\"1249\" src=\"https:\/\/www.msshkg.com.ba\/wp-content\/uploads\/2022\/12\/1-Mahmutovic-Ajsa-animirani-735x1024.jpg\" alt=\"\" class=\"wp-image-1249\" srcset=\"https:\/\/www.msshkg.com.ba\/wp-content\/uploads\/2022\/12\/1-Mahmutovic-Ajsa-animirani-735x1024.jpg 735w, https:\/\/www.msshkg.com.ba\/wp-content\/uploads\/2022\/12\/1-Mahmutovic-Ajsa-animirani-215x300.jpg 215w, https:\/\/www.msshkg.com.ba\/wp-content\/uploads\/2022\/12\/1-Mahmutovic-Ajsa-animirani-768x1070.jpg 768w, https:\/\/www.msshkg.com.ba\/wp-content\/uploads\/2022\/12\/1-Mahmutovic-Ajsa-animirani.jpg 1024w\" sizes=\"auto, (max-width: 735px) 100vw, 735px\" \/><\/a><\/figure>\n\n\n\n<figure class=\"wp-block-image size-large\"><a href=\"https:\/\/www.msshkg.com.ba\/wp-content\/uploads\/2022\/12\/1-Omerovic-Edisa-dokumentarni.jpg\"><img loading=\"lazy\" decoding=\"async\" width=\"733\" height=\"1024\" data-id=\"1251\" src=\"https:\/\/www.msshkg.com.ba\/wp-content\/uploads\/2022\/12\/1-Omerovic-Edisa-dokumentarni-733x1024.jpg\" alt=\"\" class=\"wp-image-1251\" srcset=\"https:\/\/www.msshkg.com.ba\/wp-content\/uploads\/2022\/12\/1-Omerovic-Edisa-dokumentarni-733x1024.jpg 733w, https:\/\/www.msshkg.com.ba\/wp-content\/uploads\/2022\/12\/1-Omerovic-Edisa-dokumentarni-215x300.jpg 215w, https:\/\/www.msshkg.com.ba\/wp-content\/uploads\/2022\/12\/1-Omerovic-Edisa-dokumentarni-768x1073.jpg 768w, https:\/\/www.msshkg.com.ba\/wp-content\/uploads\/2022\/12\/1-Omerovic-Edisa-dokumentarni.jpg 1024w\" sizes=\"auto, (max-width: 733px) 100vw, 733px\" \/><\/a><\/figure>\n\n\n\n<figure class=\"wp-block-image size-large\"><a href=\"https:\/\/www.msshkg.com.ba\/wp-content\/uploads\/2022\/12\/3-Dzinic-Lejla-spot.jpg\"><img loading=\"lazy\" decoding=\"async\" width=\"723\" height=\"1024\" data-id=\"1250\" src=\"https:\/\/www.msshkg.com.ba\/wp-content\/uploads\/2022\/12\/3-Dzinic-Lejla-spot-723x1024.jpg\" alt=\"\" class=\"wp-image-1250\" srcset=\"https:\/\/www.msshkg.com.ba\/wp-content\/uploads\/2022\/12\/3-Dzinic-Lejla-spot-723x1024.jpg 723w, https:\/\/www.msshkg.com.ba\/wp-content\/uploads\/2022\/12\/3-Dzinic-Lejla-spot-212x300.jpg 212w, https:\/\/www.msshkg.com.ba\/wp-content\/uploads\/2022\/12\/3-Dzinic-Lejla-spot-768x1088.jpg 768w, https:\/\/www.msshkg.com.ba\/wp-content\/uploads\/2022\/12\/3-Dzinic-Lejla-spot.jpg 1024w\" sizes=\"auto, (max-width: 723px) 100vw, 723px\" \/><\/a><\/figure>\n<\/figure>\n\n\n\n<figure class=\"wp-block-gallery has-nested-images columns-default is-cropped wp-block-gallery-3 is-layout-flex wp-block-gallery-is-layout-flex\">\n<figure class=\"wp-block-image size-large\"><a href=\"https:\/\/www.msshkg.com.ba\/wp-content\/uploads\/2022\/12\/1-MSS-animirani.jpg\"><img loading=\"lazy\" decoding=\"async\" width=\"744\" height=\"1024\" data-id=\"1252\" src=\"https:\/\/www.msshkg.com.ba\/wp-content\/uploads\/2022\/12\/1-MSS-animirani-744x1024.jpg\" alt=\"\" class=\"wp-image-1252\" srcset=\"https:\/\/www.msshkg.com.ba\/wp-content\/uploads\/2022\/12\/1-MSS-animirani-744x1024.jpg 744w, https:\/\/www.msshkg.com.ba\/wp-content\/uploads\/2022\/12\/1-MSS-animirani-218x300.jpg 218w, https:\/\/www.msshkg.com.ba\/wp-content\/uploads\/2022\/12\/1-MSS-animirani-768x1058.jpg 768w, https:\/\/www.msshkg.com.ba\/wp-content\/uploads\/2022\/12\/1-MSS-animirani.jpg 1024w\" sizes=\"auto, (max-width: 744px) 100vw, 744px\" \/><\/a><\/figure>\n\n\n\n<figure class=\"wp-block-image size-large\"><a href=\"https:\/\/www.msshkg.com.ba\/wp-content\/uploads\/2022\/12\/1-MSS-dokumentarni.jpg\"><img loading=\"lazy\" decoding=\"async\" width=\"736\" height=\"1024\" data-id=\"1253\" src=\"https:\/\/www.msshkg.com.ba\/wp-content\/uploads\/2022\/12\/1-MSS-dokumentarni-736x1024.jpg\" alt=\"\" class=\"wp-image-1253\" srcset=\"https:\/\/www.msshkg.com.ba\/wp-content\/uploads\/2022\/12\/1-MSS-dokumentarni-736x1024.jpg 736w, https:\/\/www.msshkg.com.ba\/wp-content\/uploads\/2022\/12\/1-MSS-dokumentarni-216x300.jpg 216w, https:\/\/www.msshkg.com.ba\/wp-content\/uploads\/2022\/12\/1-MSS-dokumentarni-768x1069.jpg 768w, https:\/\/www.msshkg.com.ba\/wp-content\/uploads\/2022\/12\/1-MSS-dokumentarni.jpg 1024w\" sizes=\"auto, (max-width: 736px) 100vw, 736px\" \/><\/a><\/figure>\n\n\n\n<figure class=\"wp-block-image size-large\"><a href=\"https:\/\/www.msshkg.com.ba\/wp-content\/uploads\/2022\/12\/3-MSS-spot.jpg\"><img loading=\"lazy\" decoding=\"async\" width=\"752\" height=\"1024\" data-id=\"1254\" src=\"https:\/\/www.msshkg.com.ba\/wp-content\/uploads\/2022\/12\/3-MSS-spot-752x1024.jpg\" alt=\"\" class=\"wp-image-1254\" srcset=\"https:\/\/www.msshkg.com.ba\/wp-content\/uploads\/2022\/12\/3-MSS-spot-752x1024.jpg 752w, https:\/\/www.msshkg.com.ba\/wp-content\/uploads\/2022\/12\/3-MSS-spot-220x300.jpg 220w, https:\/\/www.msshkg.com.ba\/wp-content\/uploads\/2022\/12\/3-MSS-spot-768x1046.jpg 768w, https:\/\/www.msshkg.com.ba\/wp-content\/uploads\/2022\/12\/3-MSS-spot.jpg 1024w\" sizes=\"auto, (max-width: 752px) 100vw, 752px\" \/><\/a><\/figure>\n<\/figure>\n\n\n\n<figure class=\"wp-block-image size-large\"><a href=\"https:\/\/www.msshkg.com.ba\/wp-content\/uploads\/2022\/12\/1-MSS-UKUPAN-PLASMAN-film.jpg\"><img loading=\"lazy\" decoding=\"async\" width=\"746\" height=\"1024\" src=\"https:\/\/www.msshkg.com.ba\/wp-content\/uploads\/2022\/12\/1-MSS-UKUPAN-PLASMAN-film-746x1024.jpg\" alt=\"\" class=\"wp-image-1255\" srcset=\"https:\/\/www.msshkg.com.ba\/wp-content\/uploads\/2022\/12\/1-MSS-UKUPAN-PLASMAN-film-746x1024.jpg 746w, https:\/\/www.msshkg.com.ba\/wp-content\/uploads\/2022\/12\/1-MSS-UKUPAN-PLASMAN-film-218x300.jpg 218w, https:\/\/www.msshkg.com.ba\/wp-content\/uploads\/2022\/12\/1-MSS-UKUPAN-PLASMAN-film-768x1055.jpg 768w, https:\/\/www.msshkg.com.ba\/wp-content\/uploads\/2022\/12\/1-MSS-UKUPAN-PLASMAN-film.jpg 1024w\" sizes=\"auto, (max-width: 746px) 100vw, 746px\" \/><\/a><\/figure>\n\n\n\n<p>Jo\u0161 nekoliko na\u0161ih u\u010denika je postiglo zapa\u017eene rezultate.<\/p>\n\n\n\n<p>4. mjesto &#8211; Dino Zuki\u0107, Emina Nuhanovi\u0107 i Elma Loji\u0107 za dokumentarni film \u201eMe\u0111ureligijska tolerancija\u201c.<\/p>\n\n\n\n<p>6. mjesto &#8211; Amela Omerovi\u0107, Emina Nuhanovi\u0107, Dino Zuki\u0107 i Elma Loji\u0107 za dokumentarni film \u201eLivno\u201c.<\/p>\n\n\n\n<p>U kategoriji fotografija u\u010denice Adna Kiki\u0107 i Anela Stra\u0161evi\u0107 dijele 15. mjesto.<\/p>\n\n\n\n<p>Tako\u0111e, prof. Sarajli\u0107 Nazifa bila je mentorica u\u010denicima za film \u201eLivno\u201c i za umjetni\u010dke fotografije. Za film &#8220;Me\u0111ureligijska tolerancija&#8221;&nbsp; mentorice su bile: prof. Sarajli\u0107 Nazifa&nbsp; i&nbsp; prof. Amra Bilajac Aucar.<\/p>\n<div style=\"margin-top: 0px; margin-bottom: 0px;\" class=\"sharethis-inline-share-buttons\" ><\/div>","protected":false},"excerpt":{"rendered":"<p>Na 13. Festivalu rada srednjih tehni\u010dkih i stru\u010dnih \u0161kola BiH na\u0161e u\u010denice su 12.12.2022. zauzele sljede\u0107a mjesta: 1. mjesto &#8211; Mahmutovi\u0107 Aj\u0161a za crtani film 1. mjesto &#8211; Omerovi\u0107 Edisa za dokumentarni film \u201cOti\u0107i ili ostati\u201d 3. mjesto &#8211; D\u017eini\u0107 Lejla za spot \u201c4 godi\u0161nja doba kroz o\u010di sanjara\u201d Mentorica u\u010denicama je bila profesorica Sarajli\u0107 [&hellip;]<\/p>\n","protected":false},"author":1,"featured_media":1257,"comment_status":"open","ping_status":"open","sticky":false,"template":"","format":"standard","meta":{"_bbp_topic_count":0,"_bbp_reply_count":0,"_bbp_total_topic_count":0,"_bbp_total_reply_count":0,"_bbp_voice_count":0,"_bbp_anonymous_reply_count":0,"_bbp_topic_count_hidden":0,"_bbp_reply_count_hidden":0,"_bbp_forum_subforum_count":0,"footnotes":""},"categories":[3],"tags":[],"class_list":["post-1245","post","type-post","status-publish","format-standard","has-post-thumbnail","hentry","category-naslovnica"],"yoast_head":"<!-- This site is optimized with the Yoast SEO plugin v26.0 - https:\/\/yoast.com\/wordpress\/plugins\/seo\/ -->\n<title>Uspjeh na\u0161ih u\u010denica na 13. Festivalu rada srednjih tehni\u010dkih i stru\u010dnih \u0161kola BiH - Mje\u0161ovita srednja \u0161kola &quot;Hasan Kiki\u0107&quot; Grada\u010dac<\/title>\n<meta name=\"robots\" content=\"index, follow, max-snippet:-1, max-image-preview:large, max-video-preview:-1\" \/>\n<link rel=\"canonical\" href=\"https:\/\/www.msshkg.com.ba\/index.php\/2022\/12\/29\/uspjeh-nasih-ucenica-na-13-festivalu-rada-srednjih-tehnickih-i-strucnih-skola-bih\/\" \/>\n<meta property=\"og:locale\" content=\"bs_BA\" \/>\n<meta property=\"og:type\" content=\"article\" \/>\n<meta property=\"og:title\" content=\"Uspjeh na\u0161ih u\u010denica na 13. Festivalu rada srednjih tehni\u010dkih i stru\u010dnih \u0161kola BiH - Mje\u0161ovita srednja \u0161kola &quot;Hasan Kiki\u0107&quot; Grada\u010dac\" \/>\n<meta property=\"og:description\" content=\"Na 13. Festivalu rada srednjih tehni\u010dkih i stru\u010dnih \u0161kola BiH na\u0161e u\u010denice su 12.12.2022. zauzele sljede\u0107a mjesta: 1. mjesto &#8211; Mahmutovi\u0107 Aj\u0161a za crtani film 1. mjesto &#8211; Omerovi\u0107 Edisa za dokumentarni film \u201cOti\u0107i ili ostati\u201d 3. mjesto &#8211; D\u017eini\u0107 Lejla za spot \u201c4 godi\u0161nja doba kroz o\u010di sanjara\u201d Mentorica u\u010denicama je bila profesorica Sarajli\u0107 [&hellip;]\" \/>\n<meta property=\"og:url\" content=\"https:\/\/www.msshkg.com.ba\/index.php\/2022\/12\/29\/uspjeh-nasih-ucenica-na-13-festivalu-rada-srednjih-tehnickih-i-strucnih-skola-bih\/\" \/>\n<meta property=\"og:site_name\" content=\"Mje\u0161ovita srednja \u0161kola &quot;Hasan Kiki\u0107&quot; Grada\u010dac\" \/>\n<meta property=\"article:published_time\" content=\"2022-12-29T08:00:00+00:00\" \/>\n<meta property=\"article:modified_time\" content=\"2022-12-29T08:29:48+00:00\" \/>\n<meta property=\"og:image\" content=\"https:\/\/www.msshkg.com.ba\/wp-content\/uploads\/2022\/12\/Naslovna-slika-objave-1-e1672302478335.jpg\" \/>\n\t<meta property=\"og:image:width\" content=\"255\" \/>\n\t<meta property=\"og:image:height\" content=\"204\" \/>\n\t<meta property=\"og:image:type\" content=\"image\/jpeg\" \/>\n<meta name=\"author\" content=\"Samir Mujdzic\" \/>\n<meta name=\"twitter:card\" content=\"summary_large_image\" \/>\n<meta name=\"twitter:label1\" content=\"Written by\" \/>\n\t<meta name=\"twitter:data1\" content=\"Samir Mujdzic\" \/>\n\t<meta name=\"twitter:label2\" content=\"Est. reading time\" \/>\n\t<meta name=\"twitter:data2\" content=\"3 minute\" \/>\n<script type=\"application\/ld+json\" class=\"yoast-schema-graph\">{\"@context\":\"https:\/\/schema.org\",\"@graph\":[{\"@type\":\"Article\",\"@id\":\"https:\/\/www.msshkg.com.ba\/index.php\/2022\/12\/29\/uspjeh-nasih-ucenica-na-13-festivalu-rada-srednjih-tehnickih-i-strucnih-skola-bih\/#article\",\"isPartOf\":{\"@id\":\"https:\/\/www.msshkg.com.ba\/index.php\/2022\/12\/29\/uspjeh-nasih-ucenica-na-13-festivalu-rada-srednjih-tehnickih-i-strucnih-skola-bih\/\"},\"author\":{\"name\":\"Samir Mujdzic\",\"@id\":\"https:\/\/www.msshkg.com.ba\/#\/schema\/person\/3122c1c496e5835573e6c75c805130f5\"},\"headline\":\"Uspjeh na\u0161ih u\u010denica na 13. Festivalu rada srednjih tehni\u010dkih i stru\u010dnih \u0161kola BiH\",\"datePublished\":\"2022-12-29T08:00:00+00:00\",\"dateModified\":\"2022-12-29T08:29:48+00:00\",\"mainEntityOfPage\":{\"@id\":\"https:\/\/www.msshkg.com.ba\/index.php\/2022\/12\/29\/uspjeh-nasih-ucenica-na-13-festivalu-rada-srednjih-tehnickih-i-strucnih-skola-bih\/\"},\"wordCount\":196,\"commentCount\":0,\"publisher\":{\"@id\":\"https:\/\/www.msshkg.com.ba\/#organization\"},\"image\":{\"@id\":\"https:\/\/www.msshkg.com.ba\/index.php\/2022\/12\/29\/uspjeh-nasih-ucenica-na-13-festivalu-rada-srednjih-tehnickih-i-strucnih-skola-bih\/#primaryimage\"},\"thumbnailUrl\":\"https:\/\/www.msshkg.com.ba\/wp-content\/uploads\/2022\/12\/Naslovna-slika-objave-1-e1672302478335.jpg\",\"articleSection\":[\"Naslovnica\"],\"inLanguage\":\"bs-BA\",\"potentialAction\":[{\"@type\":\"CommentAction\",\"name\":\"Comment\",\"target\":[\"https:\/\/www.msshkg.com.ba\/index.php\/2022\/12\/29\/uspjeh-nasih-ucenica-na-13-festivalu-rada-srednjih-tehnickih-i-strucnih-skola-bih\/#respond\"]}]},{\"@type\":\"WebPage\",\"@id\":\"https:\/\/www.msshkg.com.ba\/index.php\/2022\/12\/29\/uspjeh-nasih-ucenica-na-13-festivalu-rada-srednjih-tehnickih-i-strucnih-skola-bih\/\",\"url\":\"https:\/\/www.msshkg.com.ba\/index.php\/2022\/12\/29\/uspjeh-nasih-ucenica-na-13-festivalu-rada-srednjih-tehnickih-i-strucnih-skola-bih\/\",\"name\":\"Uspjeh na\u0161ih u\u010denica na 13. Festivalu rada srednjih tehni\u010dkih i stru\u010dnih \u0161kola BiH - Mje\u0161ovita srednja \u0161kola &quot;Hasan Kiki\u0107&quot; Grada\u010dac\",\"isPartOf\":{\"@id\":\"https:\/\/www.msshkg.com.ba\/#website\"},\"primaryImageOfPage\":{\"@id\":\"https:\/\/www.msshkg.com.ba\/index.php\/2022\/12\/29\/uspjeh-nasih-ucenica-na-13-festivalu-rada-srednjih-tehnickih-i-strucnih-skola-bih\/#primaryimage\"},\"image\":{\"@id\":\"https:\/\/www.msshkg.com.ba\/index.php\/2022\/12\/29\/uspjeh-nasih-ucenica-na-13-festivalu-rada-srednjih-tehnickih-i-strucnih-skola-bih\/#primaryimage\"},\"thumbnailUrl\":\"https:\/\/www.msshkg.com.ba\/wp-content\/uploads\/2022\/12\/Naslovna-slika-objave-1-e1672302478335.jpg\",\"datePublished\":\"2022-12-29T08:00:00+00:00\",\"dateModified\":\"2022-12-29T08:29:48+00:00\",\"breadcrumb\":{\"@id\":\"https:\/\/www.msshkg.com.ba\/index.php\/2022\/12\/29\/uspjeh-nasih-ucenica-na-13-festivalu-rada-srednjih-tehnickih-i-strucnih-skola-bih\/#breadcrumb\"},\"inLanguage\":\"bs-BA\",\"potentialAction\":[{\"@type\":\"ReadAction\",\"target\":[\"https:\/\/www.msshkg.com.ba\/index.php\/2022\/12\/29\/uspjeh-nasih-ucenica-na-13-festivalu-rada-srednjih-tehnickih-i-strucnih-skola-bih\/\"]}]},{\"@type\":\"ImageObject\",\"inLanguage\":\"bs-BA\",\"@id\":\"https:\/\/www.msshkg.com.ba\/index.php\/2022\/12\/29\/uspjeh-nasih-ucenica-na-13-festivalu-rada-srednjih-tehnickih-i-strucnih-skola-bih\/#primaryimage\",\"url\":\"https:\/\/www.msshkg.com.ba\/wp-content\/uploads\/2022\/12\/Naslovna-slika-objave-1-e1672302478335.jpg\",\"contentUrl\":\"https:\/\/www.msshkg.com.ba\/wp-content\/uploads\/2022\/12\/Naslovna-slika-objave-1-e1672302478335.jpg\",\"width\":255,\"height\":204},{\"@type\":\"BreadcrumbList\",\"@id\":\"https:\/\/www.msshkg.com.ba\/index.php\/2022\/12\/29\/uspjeh-nasih-ucenica-na-13-festivalu-rada-srednjih-tehnickih-i-strucnih-skola-bih\/#breadcrumb\",\"itemListElement\":[{\"@type\":\"ListItem\",\"position\":1,\"name\":\"Home\",\"item\":\"https:\/\/www.msshkg.com.ba\/\"},{\"@type\":\"ListItem\",\"position\":2,\"name\":\"Uspjeh na\u0161ih u\u010denica na 13. Festivalu rada srednjih tehni\u010dkih i stru\u010dnih \u0161kola BiH\"}]},{\"@type\":\"WebSite\",\"@id\":\"https:\/\/www.msshkg.com.ba\/#website\",\"url\":\"https:\/\/www.msshkg.com.ba\/\",\"name\":\"Mje\u0161ovita srednja \u0161kola &quot;Hasan Kiki\u0107&quot; Grada\u010dac\",\"description\":\"\",\"publisher\":{\"@id\":\"https:\/\/www.msshkg.com.ba\/#organization\"},\"potentialAction\":[{\"@type\":\"SearchAction\",\"target\":{\"@type\":\"EntryPoint\",\"urlTemplate\":\"https:\/\/www.msshkg.com.ba\/?s={search_term_string}\"},\"query-input\":{\"@type\":\"PropertyValueSpecification\",\"valueRequired\":true,\"valueName\":\"search_term_string\"}}],\"inLanguage\":\"bs-BA\"},{\"@type\":\"Organization\",\"@id\":\"https:\/\/www.msshkg.com.ba\/#organization\",\"name\":\"Mje\u0161ovita srednja \u0161kola &quot;Hasan Kiki\u0107&quot; Grada\u010dac\",\"url\":\"https:\/\/www.msshkg.com.ba\/\",\"logo\":{\"@type\":\"ImageObject\",\"inLanguage\":\"bs-BA\",\"@id\":\"https:\/\/www.msshkg.com.ba\/#\/schema\/logo\/image\/\",\"url\":\"https:\/\/www.msshkg.com.ba\/wp-content\/uploads\/2022\/01\/LogoWeb2.jpg\",\"contentUrl\":\"https:\/\/www.msshkg.com.ba\/wp-content\/uploads\/2022\/01\/LogoWeb2.jpg\",\"width\":150,\"height\":150,\"caption\":\"Mje\u0161ovita srednja \u0161kola &quot;Hasan Kiki\u0107&quot; Grada\u010dac\"},\"image\":{\"@id\":\"https:\/\/www.msshkg.com.ba\/#\/schema\/logo\/image\/\"}},{\"@type\":\"Person\",\"@id\":\"https:\/\/www.msshkg.com.ba\/#\/schema\/person\/3122c1c496e5835573e6c75c805130f5\",\"name\":\"Samir Mujdzic\",\"image\":{\"@type\":\"ImageObject\",\"inLanguage\":\"bs-BA\",\"@id\":\"https:\/\/www.msshkg.com.ba\/#\/schema\/person\/image\/\",\"url\":\"https:\/\/secure.gravatar.com\/avatar\/ba7bd829c959fc2571729de7fcc679ab2b1e4403a1e9afc53e0914dee72df5d4?s=96&d=mm&r=g\",\"contentUrl\":\"https:\/\/secure.gravatar.com\/avatar\/ba7bd829c959fc2571729de7fcc679ab2b1e4403a1e9afc53e0914dee72df5d4?s=96&d=mm&r=g\",\"caption\":\"Samir Mujdzic\"},\"sameAs\":[\"https:\/\/www.msshkg.com.ba\"],\"url\":\"https:\/\/www.msshkg.com.ba\/index.php\/author\/samir\/\"}]}<\/script>\n<!-- \/ Yoast SEO plugin. -->","yoast_head_json":{"title":"Uspjeh na\u0161ih u\u010denica na 13. Festivalu rada srednjih tehni\u010dkih i stru\u010dnih \u0161kola BiH - Mje\u0161ovita srednja \u0161kola &quot;Hasan Kiki\u0107&quot; Grada\u010dac","robots":{"index":"index","follow":"follow","max-snippet":"max-snippet:-1","max-image-preview":"max-image-preview:large","max-video-preview":"max-video-preview:-1"},"canonical":"https:\/\/www.msshkg.com.ba\/index.php\/2022\/12\/29\/uspjeh-nasih-ucenica-na-13-festivalu-rada-srednjih-tehnickih-i-strucnih-skola-bih\/","og_locale":"bs_BA","og_type":"article","og_title":"Uspjeh na\u0161ih u\u010denica na 13. Festivalu rada srednjih tehni\u010dkih i stru\u010dnih \u0161kola BiH - Mje\u0161ovita srednja \u0161kola &quot;Hasan Kiki\u0107&quot; Grada\u010dac","og_description":"Na 13. Festivalu rada srednjih tehni\u010dkih i stru\u010dnih \u0161kola BiH na\u0161e u\u010denice su 12.12.2022. zauzele sljede\u0107a mjesta: 1. mjesto &#8211; Mahmutovi\u0107 Aj\u0161a za crtani film 1. mjesto &#8211; Omerovi\u0107 Edisa za dokumentarni film \u201cOti\u0107i ili ostati\u201d 3. mjesto &#8211; D\u017eini\u0107 Lejla za spot \u201c4 godi\u0161nja doba kroz o\u010di sanjara\u201d Mentorica u\u010denicama je bila profesorica Sarajli\u0107 [&hellip;]","og_url":"https:\/\/www.msshkg.com.ba\/index.php\/2022\/12\/29\/uspjeh-nasih-ucenica-na-13-festivalu-rada-srednjih-tehnickih-i-strucnih-skola-bih\/","og_site_name":"Mje\u0161ovita srednja \u0161kola &quot;Hasan Kiki\u0107&quot; Grada\u010dac","article_published_time":"2022-12-29T08:00:00+00:00","article_modified_time":"2022-12-29T08:29:48+00:00","og_image":[{"width":255,"height":204,"url":"https:\/\/www.msshkg.com.ba\/wp-content\/uploads\/2022\/12\/Naslovna-slika-objave-1-e1672302478335.jpg","type":"image\/jpeg"}],"author":"Samir Mujdzic","twitter_card":"summary_large_image","twitter_misc":{"Written by":"Samir Mujdzic","Est. reading time":"3 minute"},"schema":{"@context":"https:\/\/schema.org","@graph":[{"@type":"Article","@id":"https:\/\/www.msshkg.com.ba\/index.php\/2022\/12\/29\/uspjeh-nasih-ucenica-na-13-festivalu-rada-srednjih-tehnickih-i-strucnih-skola-bih\/#article","isPartOf":{"@id":"https:\/\/www.msshkg.com.ba\/index.php\/2022\/12\/29\/uspjeh-nasih-ucenica-na-13-festivalu-rada-srednjih-tehnickih-i-strucnih-skola-bih\/"},"author":{"name":"Samir Mujdzic","@id":"https:\/\/www.msshkg.com.ba\/#\/schema\/person\/3122c1c496e5835573e6c75c805130f5"},"headline":"Uspjeh na\u0161ih u\u010denica na 13. Festivalu rada srednjih tehni\u010dkih i stru\u010dnih \u0161kola BiH","datePublished":"2022-12-29T08:00:00+00:00","dateModified":"2022-12-29T08:29:48+00:00","mainEntityOfPage":{"@id":"https:\/\/www.msshkg.com.ba\/index.php\/2022\/12\/29\/uspjeh-nasih-ucenica-na-13-festivalu-rada-srednjih-tehnickih-i-strucnih-skola-bih\/"},"wordCount":196,"commentCount":0,"publisher":{"@id":"https:\/\/www.msshkg.com.ba\/#organization"},"image":{"@id":"https:\/\/www.msshkg.com.ba\/index.php\/2022\/12\/29\/uspjeh-nasih-ucenica-na-13-festivalu-rada-srednjih-tehnickih-i-strucnih-skola-bih\/#primaryimage"},"thumbnailUrl":"https:\/\/www.msshkg.com.ba\/wp-content\/uploads\/2022\/12\/Naslovna-slika-objave-1-e1672302478335.jpg","articleSection":["Naslovnica"],"inLanguage":"bs-BA","potentialAction":[{"@type":"CommentAction","name":"Comment","target":["https:\/\/www.msshkg.com.ba\/index.php\/2022\/12\/29\/uspjeh-nasih-ucenica-na-13-festivalu-rada-srednjih-tehnickih-i-strucnih-skola-bih\/#respond"]}]},{"@type":"WebPage","@id":"https:\/\/www.msshkg.com.ba\/index.php\/2022\/12\/29\/uspjeh-nasih-ucenica-na-13-festivalu-rada-srednjih-tehnickih-i-strucnih-skola-bih\/","url":"https:\/\/www.msshkg.com.ba\/index.php\/2022\/12\/29\/uspjeh-nasih-ucenica-na-13-festivalu-rada-srednjih-tehnickih-i-strucnih-skola-bih\/","name":"Uspjeh na\u0161ih u\u010denica na 13. Festivalu rada srednjih tehni\u010dkih i stru\u010dnih \u0161kola BiH - Mje\u0161ovita srednja \u0161kola &quot;Hasan Kiki\u0107&quot; Grada\u010dac","isPartOf":{"@id":"https:\/\/www.msshkg.com.ba\/#website"},"primaryImageOfPage":{"@id":"https:\/\/www.msshkg.com.ba\/index.php\/2022\/12\/29\/uspjeh-nasih-ucenica-na-13-festivalu-rada-srednjih-tehnickih-i-strucnih-skola-bih\/#primaryimage"},"image":{"@id":"https:\/\/www.msshkg.com.ba\/index.php\/2022\/12\/29\/uspjeh-nasih-ucenica-na-13-festivalu-rada-srednjih-tehnickih-i-strucnih-skola-bih\/#primaryimage"},"thumbnailUrl":"https:\/\/www.msshkg.com.ba\/wp-content\/uploads\/2022\/12\/Naslovna-slika-objave-1-e1672302478335.jpg","datePublished":"2022-12-29T08:00:00+00:00","dateModified":"2022-12-29T08:29:48+00:00","breadcrumb":{"@id":"https:\/\/www.msshkg.com.ba\/index.php\/2022\/12\/29\/uspjeh-nasih-ucenica-na-13-festivalu-rada-srednjih-tehnickih-i-strucnih-skola-bih\/#breadcrumb"},"inLanguage":"bs-BA","potentialAction":[{"@type":"ReadAction","target":["https:\/\/www.msshkg.com.ba\/index.php\/2022\/12\/29\/uspjeh-nasih-ucenica-na-13-festivalu-rada-srednjih-tehnickih-i-strucnih-skola-bih\/"]}]},{"@type":"ImageObject","inLanguage":"bs-BA","@id":"https:\/\/www.msshkg.com.ba\/index.php\/2022\/12\/29\/uspjeh-nasih-ucenica-na-13-festivalu-rada-srednjih-tehnickih-i-strucnih-skola-bih\/#primaryimage","url":"https:\/\/www.msshkg.com.ba\/wp-content\/uploads\/2022\/12\/Naslovna-slika-objave-1-e1672302478335.jpg","contentUrl":"https:\/\/www.msshkg.com.ba\/wp-content\/uploads\/2022\/12\/Naslovna-slika-objave-1-e1672302478335.jpg","width":255,"height":204},{"@type":"BreadcrumbList","@id":"https:\/\/www.msshkg.com.ba\/index.php\/2022\/12\/29\/uspjeh-nasih-ucenica-na-13-festivalu-rada-srednjih-tehnickih-i-strucnih-skola-bih\/#breadcrumb","itemListElement":[{"@type":"ListItem","position":1,"name":"Home","item":"https:\/\/www.msshkg.com.ba\/"},{"@type":"ListItem","position":2,"name":"Uspjeh na\u0161ih u\u010denica na 13. Festivalu rada srednjih tehni\u010dkih i stru\u010dnih \u0161kola BiH"}]},{"@type":"WebSite","@id":"https:\/\/www.msshkg.com.ba\/#website","url":"https:\/\/www.msshkg.com.ba\/","name":"Mje\u0161ovita srednja \u0161kola &quot;Hasan Kiki\u0107&quot; Grada\u010dac","description":"","publisher":{"@id":"https:\/\/www.msshkg.com.ba\/#organization"},"potentialAction":[{"@type":"SearchAction","target":{"@type":"EntryPoint","urlTemplate":"https:\/\/www.msshkg.com.ba\/?s={search_term_string}"},"query-input":{"@type":"PropertyValueSpecification","valueRequired":true,"valueName":"search_term_string"}}],"inLanguage":"bs-BA"},{"@type":"Organization","@id":"https:\/\/www.msshkg.com.ba\/#organization","name":"Mje\u0161ovita srednja \u0161kola &quot;Hasan Kiki\u0107&quot; Grada\u010dac","url":"https:\/\/www.msshkg.com.ba\/","logo":{"@type":"ImageObject","inLanguage":"bs-BA","@id":"https:\/\/www.msshkg.com.ba\/#\/schema\/logo\/image\/","url":"https:\/\/www.msshkg.com.ba\/wp-content\/uploads\/2022\/01\/LogoWeb2.jpg","contentUrl":"https:\/\/www.msshkg.com.ba\/wp-content\/uploads\/2022\/01\/LogoWeb2.jpg","width":150,"height":150,"caption":"Mje\u0161ovita srednja \u0161kola &quot;Hasan Kiki\u0107&quot; Grada\u010dac"},"image":{"@id":"https:\/\/www.msshkg.com.ba\/#\/schema\/logo\/image\/"}},{"@type":"Person","@id":"https:\/\/www.msshkg.com.ba\/#\/schema\/person\/3122c1c496e5835573e6c75c805130f5","name":"Samir Mujdzic","image":{"@type":"ImageObject","inLanguage":"bs-BA","@id":"https:\/\/www.msshkg.com.ba\/#\/schema\/person\/image\/","url":"https:\/\/secure.gravatar.com\/avatar\/ba7bd829c959fc2571729de7fcc679ab2b1e4403a1e9afc53e0914dee72df5d4?s=96&d=mm&r=g","contentUrl":"https:\/\/secure.gravatar.com\/avatar\/ba7bd829c959fc2571729de7fcc679ab2b1e4403a1e9afc53e0914dee72df5d4?s=96&d=mm&r=g","caption":"Samir Mujdzic"},"sameAs":["https:\/\/www.msshkg.com.ba"],"url":"https:\/\/www.msshkg.com.ba\/index.php\/author\/samir\/"}]}},"_links":{"self":[{"href":"https:\/\/www.msshkg.com.ba\/index.php\/wp-json\/wp\/v2\/posts\/1245","targetHints":{"allow":["GET"]}}],"collection":[{"href":"https:\/\/www.msshkg.com.ba\/index.php\/wp-json\/wp\/v2\/posts"}],"about":[{"href":"https:\/\/www.msshkg.com.ba\/index.php\/wp-json\/wp\/v2\/types\/post"}],"author":[{"embeddable":true,"href":"https:\/\/www.msshkg.com.ba\/index.php\/wp-json\/wp\/v2\/users\/1"}],"replies":[{"embeddable":true,"href":"https:\/\/www.msshkg.com.ba\/index.php\/wp-json\/wp\/v2\/comments?post=1245"}],"version-history":[{"count":2,"href":"https:\/\/www.msshkg.com.ba\/index.php\/wp-json\/wp\/v2\/posts\/1245\/revisions"}],"predecessor-version":[{"id":1258,"href":"https:\/\/www.msshkg.com.ba\/index.php\/wp-json\/wp\/v2\/posts\/1245\/revisions\/1258"}],"wp:featuredmedia":[{"embeddable":true,"href":"https:\/\/www.msshkg.com.ba\/index.php\/wp-json\/wp\/v2\/media\/1257"}],"wp:attachment":[{"href":"https:\/\/www.msshkg.com.ba\/index.php\/wp-json\/wp\/v2\/media?parent=1245"}],"wp:term":[{"taxonomy":"category","embeddable":true,"href":"https:\/\/www.msshkg.com.ba\/index.php\/wp-json\/wp\/v2\/categories?post=1245"},{"taxonomy":"post_tag","embeddable":true,"href":"https:\/\/www.msshkg.com.ba\/index.php\/wp-json\/wp\/v2\/tags?post=1245"}],"curies":[{"name":"wp","href":"https:\/\/api.w.org\/{rel}","templated":true}]}}